{"id":3149,"date":"2014-01-14T14:27:47","date_gmt":"2014-01-14T13:27:47","guid":{"rendered":"http:\/\/edmondmorrel.be\/?p=3149"},"modified":"2020-11-13T15:03:59","modified_gmt":"2020-11-13T14:03:59","slug":"le-temps-des-cites-une-exposition-magistrale-des-planches-originales-de-francois-schuiten","status":"publish","type":"post","link":"https:\/\/edmondmorrel.be\/?p=3149","title":{"rendered":"\u00ab\u00a0Le temps des cit\u00e9s\u00a0\u00bb une exposition magistrale des planches originales de Fran\u00e7ois Schuiten"},"content":{"rendered":"\n<p>Fran\u00e7ois Schuiten a install\u00e9 dans le coeur de la Wittockiana une \u00ab\u00a0biblioth\u00e8que borg\u00e8sienne\u00a0\u00bb aux cimaises de laquelle il a accroch\u00e9 quelques unes des planches originales qui ont fait l\u2019objet d\u2019une donation \u00e0 la Fondation Roi Baudouin.<\/p>\n\n\n\n<p>C\u2019est sans doute une des sc\u00e9nographies les mieux r\u00e9ussies de Schuiten pour mettre en \u00e9vidence le dessin de quelques uns de ses albums (co-sign\u00e9s avec son fr\u00e8re Luc, avec Claude Renard ou avec Beno\u00eet Peeters).<\/p>\n\n\n\n<p>A ne manquer sous aucun pr\u00e9texte&nbsp;!<\/p>\n\n\n\n<p>Nous avons rencontr\u00e9 Fran\u00e7ois Schuiten \u00e0 quelques heures du vernissage de l\u2019exposition, au coeur de cette biblioth\u00e8que dans la biblioth\u00e8que, dans cet hommage vertigineux au livre.<\/p>\n\n\n\n<p><strong>Edmond Morrel<\/strong><\/p>\n\n\n\n<figure class=\"wp-block-embed-spotify wp-block-embed is-type-rich is-provider-spotify wp-embed-aspect-21-9 wp-has-aspect-ratio\"><div class=\"wp-block-embed__wrapper\">\n<iframe loading=\"lazy\" title=\"Spotify Embed: &quot;Le temps des cit\u00e9s&quot; une exposition magistrale des planches originales de Fran\u00e7ois Schuiten\" width=\"100%\" height=\"232\" allowtransparency=\"true\" frameborder=\"0\" allow=\"encrypted-media\" src=\"https:\/\/open.spotify.com\/embed-podcast\/episode\/7ElkaRsaPydjwfAOyLm8tW?si=b0yZUuecSCye_sKHFGuVfg\"><\/iframe>\n<\/div><\/figure>\n\n\n\n<p>L\u2019exposition a donn\u00e9 lieu \u00e0 la publication d\u2019un catalogue coordonn\u00e9 par la Fondation Roi Baudouin, o\u00f9 l\u2019on retrouve des analyses (entre autres) de Beno\u00eet Peeters et de Thierry Bellefroid.<\/p>\n\n\n\n<p><a rel=\"noreferrer noopener\" href=\"http:\/\/wittockiana.org\/a-venir\/\" target=\"_blank\">Sur le site de la Witockiana\u00a0:<\/a><\/p>\n\n\n\n<p>Fran\u00e7ois Schuiten \u00ab&nbsp;Le Temps des Cit\u00e9s&nbsp;\u00bb du 16\/01\/2014 &gt; 19\/04\/2014<\/p>\n\n\n\n<p><em>Dessinateur de bandes dessin\u00e9es, Fran\u00e7ois Schuiten est l\u2019un des illustrateurs belges les plus r\u00e9put\u00e9s. \u00c0 l\u2019occasion des 30 ans des \u00ab&nbsp;Cit\u00e9s Obscures&nbsp;\u00bb, son \u0153uvre la plus c\u00e9l\u00e8bre, Fran\u00e7ois Schuiten a pris la d\u00e9cision de donner \u00e0 la Fondation Roi Baudouin les dessins originaux et les \u201cbleus\u201d des volumes de cette s\u00e9rie si profond\u00e9ment li\u00e9e \u00e0 la Belgique, r\u00e9alis\u00e9e en collaboration avec Beno\u00eet Peeters ainsi que les documents pr\u00e9paratoires aux volumes ex\u00e9cut\u00e9s avec son fr\u00e8re Luc et son ancien professeur Claude Renard. C\u2019est dans ce contexte que la Bibliotheca Wittockiana se voit confier en d\u00e9p\u00f4t l\u2019enti\u00e8ret\u00e9 du Fonds Schuiten. Une exposition exclusive y est consacr\u00e9e. Cette derni\u00e8re permettra aux visiteurs de se plonger dans l\u2019univers fantastique cr\u00e9\u00e9 par Fran\u00e7ois Schuiten et d\u2019y d\u00e9couvrir tous les secrets du processus de cr\u00e9ation.<\/em><\/p>\n\n\n\n<p>Bibliotheca Wittockiana<br>23 Rue du Bemel<br>B-1150 Woluwe-Saint-Pierre<br>Belgium<br>info@wittockiana.org<br>t\u00e9l&nbsp;: 02\/ 770 53 33<\/p>\n","protected":false},"excerpt":{"rendered":"<p>Fran\u00e7ois Schuiten a install\u00e9 dans le coeur de la Wittockiana une \u00ab\u00a0biblioth\u00e8que borg\u00e8sienne\u00a0\u00bb aux cimaises de laquelle il a accroch\u00e9&nbsp;[&hellip;]<\/p>\n","protected":false},"author":2,"featured_media":3150,"comment_status":"closed","ping_status":"closed","sticky":false,"template":"","format":"standard","meta":{"footnotes":""},"categories":[9],"tags":[],"class_list":["post-3149","post","type-post","status-publish","format-standard","has-post-thumbnail","hentry","category-entre-les-lignes","post-item clearfix"],"_links":{"self":[{"href":"https:\/\/edmondmorrel.be\/index.php?rest_route=\/wp\/v2\/posts\/3149","targetHints":{"allow":["GET"]}}],"collection":[{"href":"https:\/\/edmondmorrel.be\/index.php?rest_route=\/wp\/v2\/posts"}],"about":[{"href":"https:\/\/edmondmorrel.be\/index.php?rest_route=\/wp\/v2\/types\/post"}],"author":[{"embeddable":true,"href":"https:\/\/edmondmorrel.be\/index.php?rest_route=\/wp\/v2\/users\/2"}],"replies":[{"embeddable":true,"href":"https:\/\/edmondmorrel.be\/index.php?rest_route=%2Fwp%2Fv2%2Fcomments&post=3149"}],"version-history":[{"count":1,"href":"https:\/\/edmondmorrel.be\/index.php?rest_route=\/wp\/v2\/posts\/3149\/revisions"}],"predecessor-version":[{"id":3151,"href":"https:\/\/edmondmorrel.be\/index.php?rest_route=\/wp\/v2\/posts\/3149\/revisions\/3151"}],"wp:featuredmedia":[{"embeddable":true,"href":"https:\/\/edmondmorrel.be\/index.php?rest_route=\/wp\/v2\/media\/3150"}],"wp:attachment":[{"href":"https:\/\/edmondmorrel.be\/index.php?rest_route=%2Fwp%2Fv2%2Fmedia&parent=3149"}],"wp:term":[{"taxonomy":"category","embeddable":true,"href":"https:\/\/edmondmorrel.be\/index.php?rest_route=%2Fwp%2Fv2%2Fcategories&post=3149"},{"taxonomy":"post_tag","embeddable":true,"href":"https:\/\/edmondmorrel.be\/index.php?rest_route=%2Fwp%2Fv2%2Ftags&post=3149"}],"curies":[{"name":"wp","href":"https:\/\/api.w.org\/{rel}","templated":true}]}}