{"id":3013,"date":"2015-11-17T12:16:55","date_gmt":"2015-11-17T11:16:55","guid":{"rendered":"http:\/\/edmondmorrel.be\/?p=3013"},"modified":"2020-11-10T12:18:02","modified_gmt":"2020-11-10T11:18:02","slug":"patrick-weber-ecrire-lhistoire-premier-salon-du-livre-dedie-a-lhistoire-ce-15-novembre-2015-au-palais-du-coudenberg-de-bruxelles","status":"publish","type":"post","link":"https:\/\/edmondmorrel.be\/?p=3013","title":{"rendered":"Patrick Weber : \u00ab\u00a0Ecrire l\u2019histoire\u00a0\u00bb, premier salon du livre d\u00e9di\u00e9 \u00e0 l\u2019Histoire ce 15 novembre 2015 au Palais du Coudenberg de Bruxelles"},"content":{"rendered":"\n<p><strong>\u00ab\u00a0Le Salon du livre d\u2019Histoire\u00a0\u00bb, Coudenberg, Bruxelles, le 15 novembre 2015<\/strong><\/p>\n\n\n\n<p>Nous vivons une \u00e9poque paradoxale. De partout dans le monde nous proviennent des informations instantan\u00e9es, livr\u00e9es sur l\u2019infini de la toile \u00e0 laquelle nous sommes tous reli\u00e9s. H\u00e9las, nous nous trouvons de plus en plus d\u00e9pourvus de l\u2019alphabet qui nous permettrait de d\u00e9chiffrer ces millions d\u2019images et de mots qui nous parviennent. Nous sommes tout autant priv\u00e9s de l\u2019instrument de compr\u00e9hension qui nous permettrait de mettre dans leur contexte les \u00e9v\u00e9nements qui nous arrivent \u00ab\u00a0bruts de d\u00e9coffrage\u00a0\u00bb. Parmi ces instruments figure en bonne place ce que les anglophones d\u00e9signent par \u00ab\u00a0media litteracy\u00a0\u00bb et que l\u2019on pourrait traduire par \u00ab\u00a0m\u00e9dia-alphab\u00e9tisation\u00a0\u00bb, c\u2019est \u00e0 dire la mise \u00e0 disposition des outils de d\u00e9chiffrement des informations qui nous parviennent par la internet, pour ceux en tout cas qui paraissent d\u00e9pourvus des filtres que sont les journalistes, les \u00e9diteurs ou les r\u00e9dacteurs en chef de la presse traditionnelle. L\u2019autre instrument id\u00e9al de compr\u00e9hension du monde est l\u2019Histoire. Comment comprendre, sans les resituer dans leur contexte historique, sans les disposer sur une ligne du temps, les \u00e9v\u00e9nements dont nous voyons les images partielles, violentes et, finalement, incompr\u00e9hensibles\u00a0: la mont\u00e9e des radicalismes, l\u2019int\u00e9grisme, Daesh, l\u2019annexion de la Crim\u00e9e, la question kurde, l\u2019arriv\u00e9e massive de r\u00e9fugi\u00e9s, la fragilit\u00e9 de l\u2019Europe, l\u2019\u00e9mergence d\u2019un lib\u00e9ralisme forcen\u00e9&#8230;on pourrait citer mille exemples de ce qui nous est donn\u00e9 par le biais des r\u00e9seaux sociaux pour ne citer que ceux-l\u00e0.<br>Dans ce contexte, \u00e9veiller la curiosit\u00e9 du public pour l\u2019Histoire ne peut qu\u2019\u00eatre salu\u00e9 comme une initiative \u00e0 la fois citoyenne et aussi stimulante\u00a0! C\u2019est le projet qu\u2019inaugure \u00e0 Bruxelles le premier Salon du livre d\u2019Histoire qui se tiendra le 15 novembre prochain au Coudenberg. Cette initiative du Club de l\u2019Histoire cr\u00e9\u00e9 par l\u2019historien Patrick Weber, sous le parrainage d\u2019une passionn\u00e9e d\u2019histoire, la Princesse Esmeralda de Belgique, donnera au public l\u2019occasion de rencontrer plus de 60 auteurs belges et fran\u00e7ais, historiens, romanciers, auteurs jeunesse, sc\u00e9naristes de bandes dessin\u00e9es&#8230; N\u2019en citons que quelques uns avant d\u2019\u00e9couter l\u2019interview de Patrick Weber, rencontr\u00e9 \u00e0 quelques jours de l\u2019ouverture , au Coudenberg \u00e0 Bruxelles, du premier Salon du livre d\u2019Histoire\u00a0: \u00e0 tout seigneur tout honneur, l\u2019invit\u00e9 d\u2019honneur est Eric-Emmanuel Schmitt qui donnera une conf\u00e9rence sur le th\u00e8me\u00a0: \u00ab\u00a0Ce que le romancier apporte \u00e0 l\u2019Histoire\u00a0\u00bb.<br>D\u2019autres personnalit\u00e9s donneront des conf\u00e9rences qui se succ\u00e8deront dans le souterrain du Palais\u00a0: Esmeralda de Belgique, Arnaud de la Croix, Diane Ducret, Gonzague Saint Bris, Marc Danval et bien d\u2019autres. Il y aura aussi bien s\u00fbr des dizaines d\u2019auteurs que vous croiserez au gr\u00e9 de votre visite\u00a0:\u00a0Sophie Chauveau, Yann Kerlau, Eve de Castro, Philippe R\u00e9my-Wilkin..et bien d\u2019autres dont vous trouverez les noms sur le site du Salon.<\/p>\n\n\n\n<p>Dans cette attente, je vous propose d\u2019\u00e9couter l\u2019enthousiaste Patrick Weber, dont la passion pour l\u2019Histoire n\u2019a d\u2019\u00e9gale que celle de la transmettre&nbsp;!<\/p>\n\n\n\n<p><strong>Edmond Morrel, le 6 novembre 2015<\/strong><\/p>\n\n\n\n<figure class=\"wp-block-embed-spotify wp-block-embed is-type-rich is-provider-spotify wp-embed-aspect-21-9 wp-has-aspect-ratio\"><div class=\"wp-block-embed__wrapper\">\n<iframe loading=\"lazy\" title=\"Spotify Embed: Patrick Weber : &quot;Ecrire l\u2019histoire&quot;, premier salon du livre d\u00e9di\u00e9 \u00e0 l\u2019Histoire ce 15 novembre 2015 au Palais du Coudenberg de Bruxelles\" width=\"100%\" height=\"232\" allowtransparency=\"true\" frameborder=\"0\" allow=\"encrypted-media\" src=\"https:\/\/open.spotify.com\/embed-podcast\/episode\/0NC5IEppLTQirO2JAVC0sx?si=RuLcRfMjSaeqmoF4_Cyf_A\"><\/iframe>\n<\/div><\/figure>\n\n\n\n<p>Pour conna\u00eetre tous les d\u00e9tails pratiques et la liste compl\u00e8te des auteurs pr\u00e9sents lors du Salon, je vous invite \u00e0 visiter le site&nbsp;<a href=\"http:\/\/www.leclubdelhistoire.com\/ecrirelhistoire\/index.php\" rel=\"noreferrer noopener\" target=\"_blank\">\u00ab\u00a0Ecrire l\u2019Histoire\u00a0\u00bb<\/a><\/p>\n","protected":false},"excerpt":{"rendered":"<p>\u00ab\u00a0Le Salon du livre d\u2019Histoire\u00a0\u00bb, Coudenberg, Bruxelles, le 15 novembre 2015 Nous vivons une \u00e9poque paradoxale. De partout dans le&nbsp;[&hellip;]<\/p>\n","protected":false},"author":2,"featured_media":3014,"comment_status":"closed","ping_status":"closed","sticky":false,"template":"","format":"standard","meta":{"footnotes":""},"categories":[9],"tags":[],"class_list":["post-3013","post","type-post","status-publish","format-standard","has-post-thumbnail","hentry","category-entre-les-lignes","post-item clearfix"],"_links":{"self":[{"href":"https:\/\/edmondmorrel.be\/index.php?rest_route=\/wp\/v2\/posts\/3013","targetHints":{"allow":["GET"]}}],"collection":[{"href":"https:\/\/edmondmorrel.be\/index.php?rest_route=\/wp\/v2\/posts"}],"about":[{"href":"https:\/\/edmondmorrel.be\/index.php?rest_route=\/wp\/v2\/types\/post"}],"author":[{"embeddable":true,"href":"https:\/\/edmondmorrel.be\/index.php?rest_route=\/wp\/v2\/users\/2"}],"replies":[{"embeddable":true,"href":"https:\/\/edmondmorrel.be\/index.php?rest_route=%2Fwp%2Fv2%2Fcomments&post=3013"}],"version-history":[{"count":1,"href":"https:\/\/edmondmorrel.be\/index.php?rest_route=\/wp\/v2\/posts\/3013\/revisions"}],"predecessor-version":[{"id":3015,"href":"https:\/\/edmondmorrel.be\/index.php?rest_route=\/wp\/v2\/posts\/3013\/revisions\/3015"}],"wp:featuredmedia":[{"embeddable":true,"href":"https:\/\/edmondmorrel.be\/index.php?rest_route=\/wp\/v2\/media\/3014"}],"wp:attachment":[{"href":"https:\/\/edmondmorrel.be\/index.php?rest_route=%2Fwp%2Fv2%2Fmedia&parent=3013"}],"wp:term":[{"taxonomy":"category","embeddable":true,"href":"https:\/\/edmondmorrel.be\/index.php?rest_route=%2Fwp%2Fv2%2Fcategories&post=3013"},{"taxonomy":"post_tag","embeddable":true,"href":"https:\/\/edmondmorrel.be\/index.php?rest_route=%2Fwp%2Fv2%2Ftags&post=3013"}],"curies":[{"name":"wp","href":"https:\/\/api.w.org\/{rel}","templated":true}]}}