{"id":3010,"date":"2015-11-13T12:15:26","date_gmt":"2015-11-13T11:15:26","guid":{"rendered":"http:\/\/edmondmorrel.be\/?p=3010"},"modified":"2020-11-10T12:18:10","modified_gmt":"2020-11-10T11:18:10","slug":"mons-livre-quatrieme-edition-du-salon-du-livre-de-mons-les-21-et-22-novembre-2015","status":"publish","type":"post","link":"https:\/\/edmondmorrel.be\/?p=3010","title":{"rendered":"MON\u2019s Livre&nbsp;: quatri\u00e8me \u00e9dition du Salon du Livre de Mons les 21 et 22 novembre 2015"},"content":{"rendered":"\n<h4 class=\"wp-block-heading\">Ecoutez Catherine Hocquet au micro d\u2019Edmond Morrel<\/h4>\n\n\n\n<p><strong>\u00ab\u00a0MON\u2019s Livre\u00a0\u00bb 2015<\/strong><\/p>\n\n\n\n<p>Catherine Hocquet n\u2019a pas attendu que Mons soit d\u00e9sign\u00e9e Capitale europ\u00e9enne de la Culture pour cr\u00e9er \u00ab\u00a0MONS Livre\u00a0\u00bb. Il faut \u00e0 n\u2019en pas douter y voir un signe\u00a0: MON\u2019s Livre, d\u00e8s son lancement en 2012 \u00e9tait con\u00e7u pour s\u2019inscrire dans la dur\u00e9e. Et preuve en est faite\u00a0: l\u2019\u00e9dition 2015 de ce Salon en passe de devenir une des plus importantes manifestations consacr\u00e9e au livre en Wallonie. De 75 exposants, 100 auteurs et 2125 visiteurs lors de la premi\u00e8re \u00e9dition en 2012, MON\u2019s livre pouvait d\u00e9j\u00e0 annoncer le double de participants et visiteurs un an plus tard, pour la deuxi\u00e8me \u00e9dition. Qu\u2019en sera-t-il cette ann\u00e9e\u00a0: l\u2019enthousiaste Pr\u00e9sidente de MON\u2019s Livre r\u00e9pond \u00e0 cette question et \u00e0 bien d\u2019autres dans l\u2019entretien qu\u2019elle nous a accord\u00e9 le 12 novembre&#8230;<\/p>\n\n\n\n<p>Ne serait-ce qu\u2019\u00e0 ce titre, il faudrait saluer la d\u00e9termination des organisateurs \u00e0 valoriser une des litt\u00e9ratures francophones les plus dynamiques, originales et inventives qui soit, quoiqu\u2019en disent, \u00e9crivent et pensent les commentateurs belges de la vie litt\u00e9raire, trop souvent aspir\u00e9s dans le sillage du marketing des ouvrages venus d\u2019outre-Qui\u00e9vrain. Ce ne sera pas la moindre des qualit\u00e9s de MON\u2019s Livre que sortir de l\u2019ombre factice que leur fait l\u2019\u00e9dition germano-pratine les \u00e9diteurs et \u00e9crivains belges que l\u2019on pourra rencontrer, \u00e9couter, et lire gr\u00e2ce \u00e0 ce Salon du livre qui vaut d\u00e9cid\u00e9ment le d\u00e9tour&#8230;<br>Et, de surcro\u00eet, l\u2019entr\u00e9e est gratuite&nbsp;!<\/p>\n\n\n\n<p><strong>Edmond Morrel, le 12 novembre 2015<\/strong><\/p>\n\n\n\n<figure class=\"wp-block-embed-spotify wp-block-embed is-type-rich is-provider-spotify wp-embed-aspect-21-9 wp-has-aspect-ratio\"><div class=\"wp-block-embed__wrapper\">\n<iframe loading=\"lazy\" title=\"Spotify Embed: MON\u2019s Livre : quatri\u00e8me \u00e9dition du Salon du Livre de Mons les 21 et 22 novembre 2015 Ecoutez Catherine Hocquet au micro d\u2019Edmond Morrel\" width=\"100%\" height=\"232\" allowtransparency=\"true\" frameborder=\"0\" allow=\"encrypted-media\" src=\"https:\/\/open.spotify.com\/embed-podcast\/episode\/6GJ9LWfKJpDjxK7S54liRj?si=TGtfQHQDR4qiypTp1EjthA\"><\/iframe>\n<\/div><\/figure>\n\n\n\n<p><a href=\"http:\/\/www.monslivre.be\/\" rel=\"noreferrer noopener\" target=\"_blank\">Vous trouverez toutes informations pratiques, les noms des auteurs et \u00e9diteurs annonc\u00e9s, le programme des conf\u00e9rences et d\u00e9dicaces sur le site de MON\u2019s Livre<\/a>&nbsp;et, bien s\u00fbr, sur l<a href=\"https:\/\/www.facebook.com\/MonsLivre?ref=bookmarks\" rel=\"noreferrer noopener\" target=\"_blank\">a page Facebook du Salon<\/a><\/p>\n\n\n\n<p>Il y avait un manque dans la r\u00e9gion de Mons&nbsp;: c\u2019est r\u00e9gl\u00e9&nbsp;! D\u00e9sormais, Mon\u2019s livre existe. Ce salon du livre est n\u00e9 en 2012. Depuis, le projet n\u2019a cess\u00e9 de prendre de l\u2019ampleur pour devenir le salon de qualit\u00e9 que nous connaissons aujourd\u2019hui.<\/p>\n\n\n\n<p>Commenc\u00e9e avec 75 exposants, 100 auteurs et 2125 visiteurs, cette manifestation a plus que doubl\u00e9 puisque ce sont 142 exposants et 300 auteurs qui se sont rendus au Lotto Mons Expo les 22 et 23 novembre derniers pour pr\u00e9senter leur travail \u00e0 plus de 5000 visiteurs&nbsp;!<\/p>\n\n\n\n<p>Au niveau des participants, un tr\u00e8s grand nombre de genres et d\u2019aspects du monde litt\u00e9raire sont repr\u00e9sent\u00e9s au sein du salon&nbsp;: \u00e9diteurs, micro\u00e9diteurs, libraires, auteurs ind\u00e9pendants, associations, cercles litt\u00e9raires et historiques, biblioth\u00e9caires, imprimeurs, artistes, photographes, graphistes et m\u00eame universit\u00e9s occupents les diff\u00e9rents stands, ann\u00e9e apr\u00e8s ann\u00e9e.<\/p>\n\n\n\n<p>Mais si Mon\u2019s livre se veut un lieu unique de rencontre avec les acteurs du livre, son objectif principal est de sensibiliser un large public, toutes tranches d\u2019\u00e2ge confondues \u00e0 la litt\u00e9rature au sens large. D\u00e8s lors, des conf\u00e9rences, des pr\u00e9sentations d\u2019ouvrages, des expositions, des ateliers et des concours sont \u00e9galement pr\u00e9vus au programme.<\/p>\n\n\n\n<p>Cette ann\u00e9e encore, l\u2019\u00e9v\u00e9nement devrait attirer les petits comme les grands, les professionnels comme les amateurs. En plus, l\u2019entr\u00e9e est gratuit&#8230;<\/p>\n\n\n\n<p>Alors, n\u2019h\u00e9sitez plus&nbsp;: rendez-vous au Lotto Mons Expo, le week-end des 21 et 22 novembre 2015, pour la 5e \u00e9dition du salon du livre de Mons, Mon\u2019s livre&nbsp;!<\/p>\n","protected":false},"excerpt":{"rendered":"<p>Ecoutez Catherine Hocquet au micro d\u2019Edmond Morrel \u00ab\u00a0MON\u2019s Livre\u00a0\u00bb 2015 Catherine Hocquet n\u2019a pas attendu que Mons soit d\u00e9sign\u00e9e Capitale&nbsp;[&hellip;]<\/p>\n","protected":false},"author":2,"featured_media":3011,"comment_status":"closed","ping_status":"closed","sticky":false,"template":"","format":"standard","meta":{"footnotes":""},"categories":[9],"tags":[],"class_list":["post-3010","post","type-post","status-publish","format-standard","has-post-thumbnail","hentry","category-entre-les-lignes","post-item clearfix"],"_links":{"self":[{"href":"https:\/\/edmondmorrel.be\/index.php?rest_route=\/wp\/v2\/posts\/3010","targetHints":{"allow":["GET"]}}],"collection":[{"href":"https:\/\/edmondmorrel.be\/index.php?rest_route=\/wp\/v2\/posts"}],"about":[{"href":"https:\/\/edmondmorrel.be\/index.php?rest_route=\/wp\/v2\/types\/post"}],"author":[{"embeddable":true,"href":"https:\/\/edmondmorrel.be\/index.php?rest_route=\/wp\/v2\/users\/2"}],"replies":[{"embeddable":true,"href":"https:\/\/edmondmorrel.be\/index.php?rest_route=%2Fwp%2Fv2%2Fcomments&post=3010"}],"version-history":[{"count":1,"href":"https:\/\/edmondmorrel.be\/index.php?rest_route=\/wp\/v2\/posts\/3010\/revisions"}],"predecessor-version":[{"id":3012,"href":"https:\/\/edmondmorrel.be\/index.php?rest_route=\/wp\/v2\/posts\/3010\/revisions\/3012"}],"wp:featuredmedia":[{"embeddable":true,"href":"https:\/\/edmondmorrel.be\/index.php?rest_route=\/wp\/v2\/media\/3011"}],"wp:attachment":[{"href":"https:\/\/edmondmorrel.be\/index.php?rest_route=%2Fwp%2Fv2%2Fmedia&parent=3010"}],"wp:term":[{"taxonomy":"category","embeddable":true,"href":"https:\/\/edmondmorrel.be\/index.php?rest_route=%2Fwp%2Fv2%2Fcategories&post=3010"},{"taxonomy":"post_tag","embeddable":true,"href":"https:\/\/edmondmorrel.be\/index.php?rest_route=%2Fwp%2Fv2%2Ftags&post=3010"}],"curies":[{"name":"wp","href":"https:\/\/api.w.org\/{rel}","templated":true}]}}