{"id":3007,"date":"2015-11-15T12:14:25","date_gmt":"2015-11-15T11:14:25","guid":{"rendered":"http:\/\/edmondmorrel.be\/?p=3007"},"modified":"2020-11-10T12:18:21","modified_gmt":"2020-11-10T11:18:21","slug":"verlaine-au-secret-un-opera-de-chambre-dadrien-tsilogiannis-sur-un-livret-de-myriam-watthee-delmotte","status":"publish","type":"post","link":"https:\/\/edmondmorrel.be\/?p=3007","title":{"rendered":"Verlaine au secret : un op\u00e9ra de chambre d\u2019Adrien Tsilogiannis sur un livret de Myriam Watthee-Delmotte"},"content":{"rendered":"\n<p><strong>\u00ab\u00a0Verlaine au secret\u00a0\u00bb, op\u00e9ra de Myriam Watthee-Delmotte (livret) et Adrien Tsilogiannis (musique)<\/strong><\/p>\n\n\n\n<p>A Bruxelles, le 10 juillet 1873 Verlaine , ivre et \u00e9perdu de douleur, tire deux coups de feu sur Rimbaud. Condamn\u00e9, il sera incarc\u00e9r\u00e9 \u00e0 la prison de Mons dont il ne sortira qu\u2019en janvier 1875. \u00ab\u00a0Verlaine au secret\u00a0\u00bb , op\u00e9ra de chambre en 5 actes, d\u2019<a href=\"http:\/\/www.adrientsilogiannis.com\/\" rel=\"noreferrer noopener\" target=\"_blank\">Adrien Tsilogiannis<\/a>, sur un livret de&nbsp;<a href=\"https:\/\/fr.wikipedia.org\/wiki\/Myriam_Watthee-Delmotte\" rel=\"noreferrer noopener\" target=\"_blank\">Myriam Watthee-Delmotte<\/a>, \u00e9voque cette p\u00e9riode qui fut pour le po\u00e8te emprisonn\u00e9 celle de la r\u00e9v\u00e9lation de la po\u00e9sie, son secret&nbsp;: de la musique avant toute chose\u00a0\u00bb. Mis en sc\u00e8ne par Jean-Louis Danvoye, avec Fr\u00e9d\u00e9ric Dussenne incarnant le po\u00e8te et la soprano Clara Inglese dans le r\u00f4le de la Po\u00e9sie, l\u2019op\u00e9ra \u00ab\u00a0Verlaine au secret\u00a0\u00bb sera pr\u00e9sent\u00e9 du 19 au 21 novembre 2015 \u00e0 Mons.<\/p>\n\n\n\n<p>A quelques jours de la premi\u00e8re, nous avons lu le livret et rencontr\u00e9 son auteure Myriam Watthee-Delmotte. Et la lecture et la rencontre nous ont plac\u00e9 dans une h\u00e2te plus impatiente encore d\u2019assister aux repr\u00e9sentations de \u00ab\u00a0Verlaine au secret\u00a0\u00bb.<br><strong><br>Edmond Morrel, le 14 novembre 2015<\/strong><\/p>\n\n\n\n<figure class=\"wp-block-embed-spotify wp-block-embed is-type-rich is-provider-spotify wp-embed-aspect-21-9 wp-has-aspect-ratio\"><div class=\"wp-block-embed__wrapper\">\n<iframe loading=\"lazy\" title=\"Spotify Embed: Verlaine au secret : un op\u00e9ra de chambre d\u2019Adrien Tsilogiannis sur un livret de Myriam Watthee-Delmotte\" width=\"100%\" height=\"232\" allowtransparency=\"true\" frameborder=\"0\" allow=\"encrypted-media\" src=\"https:\/\/open.spotify.com\/embed-podcast\/episode\/0uP791EjQh7jTtp0OuKluX?si=fAHPR9INQne5AqBFlBJ4JQ\"><\/iframe>\n<\/div><\/figure>\n\n\n\n<p><em>Le spectacle aura lieu \u00e0 l\u2019Arsonic<br>Rue de Nimy, 138<br>7000 Mons<br>Belgique<br><strong><a href=\"http:\/\/lettresenvoix.org\/site\/category\/saisons\/verlaine-au-secret\/\" rel=\"noreferrer noopener\" target=\"_blank\">La r\u00e9servation des places peut se faire par le biais du site de \u00ab\u00a0Lettres en Voix\u00a0\u00bb<\/a><\/strong><\/em><\/p>\n\n\n\n<p><a href=\"http:\/\/www.mons2015.eu\/fr\/verlaine-au-secret-0\" rel=\"noreferrer noopener\" target=\"_blank\">Sur le site de MONS2015&nbsp;:<\/a><\/p>\n\n\n\n<p>Op\u00e9ra de chambre en 5 actes qui, au d\u00e9part des po\u00e8mes de Verlaine, \u00e9voque son s\u00e9jour en prison suite \u00e0 l\u2019altercation avec Rimbaud.<br><em><br>\u00ab\u00a0Verlaine, mis au secret derri\u00e8re les murs de la prison de Mons et croyant avoir tout perdu, y perce le secret de son propre g\u00e9nie. S\u2019op\u00e8re alors une transfiguration par l\u2019\u00e9criture. Or, ce trajet qui va du sentiment de la d\u00e9possession \u00e0 la d\u00e9couverte d\u2019un tr\u00e9sor jusque-l\u00e0 ignor\u00e9, chacun est susceptible de le vivre \u00e0 des degr\u00e9s divers dans sa propre existence&nbsp;: la privation peut \u00eatre une chance, l\u2019occasion d\u2019un renouveau et d\u2019une reconstruction de soi au plus pr\u00e8s de la v\u00e9rit\u00e9 intime. Cet op\u00e9ra propose de suivre cette m\u00e9tamorphose int\u00e9rieure. Le public s\u2019immerge dans un univers de r\u00e9sonances litt\u00e9raires et musicales qui s\u2019\u00e9clairent mutuellement. Les textes de Verlaine, compos\u00e9s sous la contrainte de l\u2019enfermement, permettent alors de voir un espace restreint se transformer en un lieu infiniment ouvert \u00e0 la lib\u00e9ration des voix.\u00a0\u00bb<\/em><\/p>\n\n\n\n<p>Avec Fr\u00e9d\u00e9ric Dussenne, Clara Inglese, Muriel Legrand, Doroth\u00e9e Bolle, Christophe Bornet, Aur\u00e9lie Castin, Malkiel Golomb, Boris Kondov, Samuel Namotte, Fran\u00e7ois Badoud, Enrico d\u2019Ambrosio, Marco Fabbri, Nicolas Poels, les \u00e9tudiants en art dramatique et classe d\u2019orchestre d\u2019ARTS\u00b2, accompagn\u00e9s par l\u2019Ensemble Musiques Nouvelles \/ Direction&nbsp;: Quentin Mourier \/ Livret&nbsp;: Myriam Watthee-Delmotte \/ Mise en sc\u00e8ne&nbsp;: Jean-Louis Danvoye.<br>Coproduction&nbsp;: Fondation Mons 2015 \u2013 UCL-CULTURE \u2013 Plateforme UCL-Mons 2015 \u2013 ARTS\u00b2 \u2013 Le Man\u00e8ge.Mons\/Musiques Nouvelles \u2013&nbsp;<a href=\"http:\/\/lettresenvoix.org\/site\/category\/saisons\/verlaine-au-secret\/\" rel=\"noreferrer noopener\" target=\"_blank\">Lettres en Voix.<\/a><\/p>\n\n\n\n<p><em>Verlaine au secret est un op\u00e9ra de chambre en 5 actes, d\u2019Adrien Tsilogiannis, sur un livret de Myriam Watthee-Delmotte, mis en sc\u00e8ne par Jean-Louis Danvoye et produit par l\u2019Association Lettres en Voix en collaboration avec la Fondation Mons 2015, Musiques Nouvelles, et ARTS\u00b2, en hommage \u00e0 Verlaine, l\u2019une des quatre figures tut\u00e9laires de MONS 2015.<\/em><\/p>\n","protected":false},"excerpt":{"rendered":"<p>\u00ab\u00a0Verlaine au secret\u00a0\u00bb, op\u00e9ra de Myriam Watthee-Delmotte (livret) et Adrien Tsilogiannis (musique) A Bruxelles, le 10 juillet 1873 Verlaine ,&nbsp;[&hellip;]<\/p>\n","protected":false},"author":2,"featured_media":3008,"comment_status":"closed","ping_status":"closed","sticky":false,"template":"","format":"standard","meta":{"footnotes":""},"categories":[9],"tags":[],"class_list":["post-3007","post","type-post","status-publish","format-standard","has-post-thumbnail","hentry","category-entre-les-lignes","post-item clearfix"],"_links":{"self":[{"href":"https:\/\/edmondmorrel.be\/index.php?rest_route=\/wp\/v2\/posts\/3007","targetHints":{"allow":["GET"]}}],"collection":[{"href":"https:\/\/edmondmorrel.be\/index.php?rest_route=\/wp\/v2\/posts"}],"about":[{"href":"https:\/\/edmondmorrel.be\/index.php?rest_route=\/wp\/v2\/types\/post"}],"author":[{"embeddable":true,"href":"https:\/\/edmondmorrel.be\/index.php?rest_route=\/wp\/v2\/users\/2"}],"replies":[{"embeddable":true,"href":"https:\/\/edmondmorrel.be\/index.php?rest_route=%2Fwp%2Fv2%2Fcomments&post=3007"}],"version-history":[{"count":1,"href":"https:\/\/edmondmorrel.be\/index.php?rest_route=\/wp\/v2\/posts\/3007\/revisions"}],"predecessor-version":[{"id":3009,"href":"https:\/\/edmondmorrel.be\/index.php?rest_route=\/wp\/v2\/posts\/3007\/revisions\/3009"}],"wp:featuredmedia":[{"embeddable":true,"href":"https:\/\/edmondmorrel.be\/index.php?rest_route=\/wp\/v2\/media\/3008"}],"wp:attachment":[{"href":"https:\/\/edmondmorrel.be\/index.php?rest_route=%2Fwp%2Fv2%2Fmedia&parent=3007"}],"wp:term":[{"taxonomy":"category","embeddable":true,"href":"https:\/\/edmondmorrel.be\/index.php?rest_route=%2Fwp%2Fv2%2Fcategories&post=3007"},{"taxonomy":"post_tag","embeddable":true,"href":"https:\/\/edmondmorrel.be\/index.php?rest_route=%2Fwp%2Fv2%2Ftags&post=3007"}],"curies":[{"name":"wp","href":"https:\/\/api.w.org\/{rel}","templated":true}]}}