{"id":1889,"date":"2011-03-10T17:45:49","date_gmt":"2011-03-10T16:45:49","guid":{"rendered":"http:\/\/edmondmorrel.be\/?p=1889"},"modified":"2020-10-29T17:47:08","modified_gmt":"2020-10-29T16:47:08","slug":"comment-peut-on-etre-belge","status":"publish","type":"post","link":"https:\/\/edmondmorrel.be\/?p=1889","title":{"rendered":"Comment peut-on \u00eatre Belge ?"},"content":{"rendered":"\n<p>Un essai de Charles Bricman\u00a0: enfin comprendre la Belgique\u00a0? Ce livre exemplaire de limpidit\u00e9 est l\u2019instrument de compr\u00e9hension et de connaissance qu\u2019il vous faut\u00a0!<\/p>\n\n\n\n<p>Vous \u00eates-vous d\u00e9j\u00e0 dit que vous n\u2019y compreniez plus rien \u00e0 ce qui se passe dans le Petit Royaume que chantait Julos Beaucarne&nbsp;? Vous ajoutiez dans votre for int\u00e9rieur, que pour comprendre il faut conna\u00eetre&nbsp;? Alors, ce livre exemplaire de limpidit\u00e9 est l\u2019instrument de compr\u00e9hension et de connaissance qu\u2019il vous faut&nbsp;!<\/p>\n\n\n\n<p>Charles Bricman se place dans la position de l\u2019observateur. Mais, citant Talleyrand en quatri\u00e8me de couverture, il n\u2019est pas dupe&nbsp;:&nbsp;<em>\u00ab\u00a0La Belgique, c\u2019est compliqu\u00e9&nbsp;!\u00a0\u00bb<\/em><\/p>\n\n\n\n<p>Dans ce livre qui allie la p\u00e9dagogie \u00e0 l\u2019intelligence, qui entrelace l\u2019histoire \u00e0 l\u2019actualit\u00e9, le journaliste ne manque pas de mettre en perspective l\u2019\u00e9volution d\u2019un pays qui est \u00ab\u00a0une \u00e9ponge\u00a0\u00bb, mais aussi un corps malade atteint de paludisme, c\u2019est \u00e0 dire souffrant de crises \u00e9pisodiques mais ne gu\u00e9rissant jamais.<\/p>\n\n\n\n<p>Cet essai qui se lit comme un \u00e9ditorial, fourmille d\u2019indices qui aiguisent la curiosit\u00e9 du lecteur et surtout son app\u00e9tit de comprendre cette Belgique qui&nbsp;<em>\u00ab\u00a0est condamn\u00e9e \u00e0 survivre. Ses communaut\u00e9s sont des jumeaux siamois ins\u00e9parables parce qu\u2019ils n\u2019ont qu\u2019un seul c\u0153ur \u00e0 leur disposition&nbsp;: Bruxelles&nbsp;\u00bb<br><\/em><br>Bricman a le sens de la formule. Certaines phrases sonnent comme des glas. Ainsi, tout n\u2019est-il pas dit sur la crise que le pays traverse depuis les derni\u00e8res \u00e9lections, dans cette phrase lapidaire&nbsp;:<em>&nbsp;\u00ab\u00a0On souffre toujours plus de ce que l\u2019on conc\u00e8de que l\u2019on ne jouit de ce qu\u2019on obtient.\u00a0\u00bb<\/em>&nbsp;ou cette autre de Rik Torfs (s\u2019adressant au journaliste fran\u00e7ais Jos\u00e9 Alain Fralon)&nbsp;:&nbsp;<em>\u00ab&nbsp;le vrai probl\u00e8me entre flamands et francophones ce n\u2019est pas le d\u00e9saccord, c\u2019est l\u2019indiff\u00e9rence&nbsp;\u00bb.<\/em><\/p>\n\n\n\n<p>On ne peut r\u00e9sumer l\u2019histoire de la Belgique en 200 pages. Bricman y r\u00e9ussit en nous rendant sensible, et ce n\u2019est pas une mince affaire, \u00e0 l\u2019\u00e9volution de ce pays&nbsp;<em>\u00a0\u00bb qu\u2019aucune volont\u00e9 politique n\u2019a seulement tent\u00e9 de compenser ou de corriger pour faire en sorte que es Belges se parlent et se comprennent un peu mieux.(\u2026) Ce pays vivote, incertain, dans une vague somnolence peupl\u00e9e de cauchemars&nbsp;\u00bb.<\/em><\/p>\n\n\n\n<p><strong>Edmond Morrel<\/strong><\/p>\n\n\n\n<figure class=\"wp-block-embed-spotify wp-block-embed is-type-rich is-provider-spotify wp-embed-aspect-21-9 wp-has-aspect-ratio\"><div class=\"wp-block-embed__wrapper\">\n<iframe loading=\"lazy\" title=\"Spotify Embed: Comment peut-on \u00eatre Belge ?\" width=\"100%\" height=\"232\" allowtransparency=\"true\" frameborder=\"0\" allow=\"encrypted-media\" src=\"https:\/\/open.spotify.com\/embed-podcast\/episode\/1KZX6lwaV0Pc9mV9c0Shra\"><\/iframe>\n<\/div><\/figure>\n\n\n\n<p>Charles Bricman anime&nbsp;<a href=\"http:\/\/blog.charlesbricman.be\/\" rel=\"noreferrer noopener\" target=\"_blank\">un blog<\/a>&nbsp;\u00e0 visiter pour prolonger la lecture de ce livre.<\/p>\n","protected":false},"excerpt":{"rendered":"<p>Un essai de Charles Bricman\u00a0: enfin comprendre la Belgique\u00a0? Ce livre exemplaire de limpidit\u00e9 est l\u2019instrument de compr\u00e9hension et de&nbsp;[&hellip;]<\/p>\n","protected":false},"author":2,"featured_media":1890,"comment_status":"closed","ping_status":"closed","sticky":false,"template":"","format":"standard","meta":{"footnotes":""},"categories":[8],"tags":[],"class_list":["post-1889","post","type-post","status-publish","format-standard","has-post-thumbnail","hentry","category-essais","post-item clearfix"],"_links":{"self":[{"href":"https:\/\/edmondmorrel.be\/index.php?rest_route=\/wp\/v2\/posts\/1889","targetHints":{"allow":["GET"]}}],"collection":[{"href":"https:\/\/edmondmorrel.be\/index.php?rest_route=\/wp\/v2\/posts"}],"about":[{"href":"https:\/\/edmondmorrel.be\/index.php?rest_route=\/wp\/v2\/types\/post"}],"author":[{"embeddable":true,"href":"https:\/\/edmondmorrel.be\/index.php?rest_route=\/wp\/v2\/users\/2"}],"replies":[{"embeddable":true,"href":"https:\/\/edmondmorrel.be\/index.php?rest_route=%2Fwp%2Fv2%2Fcomments&post=1889"}],"version-history":[{"count":1,"href":"https:\/\/edmondmorrel.be\/index.php?rest_route=\/wp\/v2\/posts\/1889\/revisions"}],"predecessor-version":[{"id":1891,"href":"https:\/\/edmondmorrel.be\/index.php?rest_route=\/wp\/v2\/posts\/1889\/revisions\/1891"}],"wp:featuredmedia":[{"embeddable":true,"href":"https:\/\/edmondmorrel.be\/index.php?rest_route=\/wp\/v2\/media\/1890"}],"wp:attachment":[{"href":"https:\/\/edmondmorrel.be\/index.php?rest_route=%2Fwp%2Fv2%2Fmedia&parent=1889"}],"wp:term":[{"taxonomy":"category","embeddable":true,"href":"https:\/\/edmondmorrel.be\/index.php?rest_route=%2Fwp%2Fv2%2Fcategories&post=1889"},{"taxonomy":"post_tag","embeddable":true,"href":"https:\/\/edmondmorrel.be\/index.php?rest_route=%2Fwp%2Fv2%2Ftags&post=1889"}],"curies":[{"name":"wp","href":"https:\/\/api.w.org\/{rel}","templated":true}]}}