{"id":1708,"date":"2020-10-30T09:59:02","date_gmt":"2020-10-30T08:59:02","guid":{"rendered":"http:\/\/edmondmorrel.be\/?p=1708"},"modified":"2020-11-02T10:56:52","modified_gmt":"2020-11-02T09:56:52","slug":"la-franc-maconnerie-devoilee-une-bd-darnaud-de-la-croix-scenario-et-philippe-bercovici-dessin","status":"publish","type":"post","link":"https:\/\/edmondmorrel.be\/?p=1708","title":{"rendered":"\u00ab\u00a0La franc-ma\u00e7onnerie d\u00e9voil\u00e9e\u00a0\u00bb une BD d&rsquo;Arnaud de la Croix (sc\u00e9nario) et Philippe Bercovici (dessin)"},"content":{"rendered":"\n<p>Les Editions du Lombard publient une histoire passionnante de la franc-ma\u00e7onnerie, racont\u00e9e avec la rigueur et l&rsquo;\u00e9rudition de l&rsquo;historien Arnaud de la Croix et la fantaisie souriante du dessin de Bercovici. Voil\u00e0 un sujet \u00e0 la fois aust\u00e8re et fantasmagorique que la franc-ma\u00e7onnerie, dont l&rsquo;Histoire est jalonn\u00e9e de l\u00e9gendes, <em>fake news<\/em>, th\u00e9ories complotistes et autres fables qu&rsquo;une soci\u00e9t\u00e9 \u00ab\u00a0secr\u00e8te\u00a0\u00bb ou au moins \u00ab\u00a0discr\u00e8te\u00a0\u00bb ne manque pas d&rsquo;inspirer. Paradoxalement, le dessin de Bercovici et le d\u00e9coupage classique de cette histoire multis\u00e9culaire en bande dessin\u00e9e, objectivent d&rsquo;une certaine fa\u00e7on les r\u00e9cits biographiques des dix-huit personnalit\u00e9s choisies par de la Croix comme autant d&rsquo;escales th\u00e9matiques dans ce voyage initiatique. Le dessin, au trait parfois d\u00e9cal\u00e9, permet gr\u00e2ce \u00e0 l&rsquo;humour une approche bienveillante de ce qui est aussi une formidable et stimulante le\u00e7on d&rsquo;histoire du monde. <\/p>\n\n\n\n<div class=\"wp-block-image\"><figure class=\"alignright size-large is-resized\"><img loading=\"lazy\" decoding=\"async\" src=\"https:\/\/edmondmorrel.be\/wp-content\/uploads\/2020\/10\/Capture-d\u2019\u00e9cran-2020-10-29-\u00e0-09.05.00.png\" alt=\"\" class=\"wp-image-1711\" width=\"190\" height=\"277\" srcset=\"https:\/\/edmondmorrel.be\/wp-content\/uploads\/2020\/10\/Capture-d\u2019\u00e9cran-2020-10-29-\u00e0-09.05.00.png 505w, https:\/\/edmondmorrel.be\/wp-content\/uploads\/2020\/10\/Capture-d\u2019\u00e9cran-2020-10-29-\u00e0-09.05.00-206x300.png 206w, https:\/\/edmondmorrel.be\/wp-content\/uploads\/2020\/10\/Capture-d\u2019\u00e9cran-2020-10-29-\u00e0-09.05.00-200x291.png 200w\" sizes=\"auto, (max-width: 190px) 100vw, 190px\" \/><\/figure><\/div>\n\n\n\n<p>Outre le d\u00e9roulement chronologique, dont les origines remontent \u00e0 l&rsquo;Arche de No\u00e9 et au Temple de Salomon, (au moins en ce qui concerne les r\u00e9f\u00e9rences symboliques),le r\u00e9cit nous donne \u00e0 conna\u00eetre les diff\u00e9rentes \u00e9tapes de la cr\u00e9ation et de l&rsquo;\u00e9volution de la franc-ma\u00e7onnerie dans le monde (dont le dernier chapitre consacr\u00e9 au documentariste Tristan Bourlard dresse un panorama et une synth\u00e8se  exemplaires) et des id\u00e9aux philosophiques qui l&rsquo;ont nourrie au fil des si\u00e8cles, depuis le XVIIe jusqu&rsquo;\u00e0 nos jours. <\/p>\n\n\n\n<p>Pour nous guider dans cette histoire, dix-huit biographies nous permettent \u00e0 travers des portraits vivants et accessibles, d&rsquo;aborder \u00e0 la fois l&rsquo;histoire lointaine (dont les sources sont incertaines, nous pr\u00e9cise l&rsquo;historien Arnaud de la Croix) et le r\u00f4le dans la franc-ma\u00e7onnerie de figures historiques plus famili\u00e8res, chacune d&rsquo;entre elles permettant d&rsquo;aborder une th\u00e9matique et de r\u00e9pondre \u00e0 la curiosit\u00e9 du lecteur. Ainsi l&rsquo;accueil des femmes en  franc-ma\u00e7onnerie est racont\u00e9 dans le portrait d&rsquo;une figure exceptionnelle du f\u00e9minisme : Maria Deraisme, cr\u00e9atrice de la loge mixte \u00ab\u00a0Le Droit humain\u00a0\u00bb). Les rapports entre religion et franc-ma\u00e7onnerie sont \u00e9voqu\u00e9s \u00e0 diff\u00e9rentes reprises, notamment, pour l&rsquo;Islam, dans le r\u00e9cit consacr\u00e9 \u00e0 Abd El-Kader. Les pers\u00e9cutions par les r\u00e9gimes totalitaires nazi  sont \u00e9voqu\u00e9s dans le portrait de Himmler. L&rsquo;\u00e9vocation des pers\u00e9cutions par le r\u00e9gime fasciste italien est racont\u00e9 dans la biographie  de Hugo Pratt (dont le p\u00e8re appartenait aux chemises noires et a particip\u00e9 au saccage d&rsquo;une loge ma\u00e7onnique v\u00e9nitienne qu&rsquo;Hugo Pratt \u00e9voquera des d\u00e9cennies plus tard dans un album de Corto Maltese , \u00ab\u00a0la fable de Venise\u00a0\u00bb et dans laquelle il sera initi\u00e9&#8230; <\/p>\n\n\n\n<p>Nous ne citerons pas ici chacun des protagonistes de cet album passionant. Le lecteur les trouvera sur le site des Editions du Lombard. S&rsquo;il fallait toutefois \u00e9pingler deux de ces portraits, nous choisirions celui de Rudyard Kipling &#8211; dont la vie inspire aux auteurs un r\u00e9cit poignant, orn\u00e9 d&rsquo;un po\u00e8me digne des grands textes humanistes de l&rsquo;auteur du Livre de la Jungle- et celui de Benjamin Franklin, passionnant personne de l&rsquo;histoire des Etats-unis, figure de proue de l&rsquo;humanisme et du combat pour les libert\u00e9s.<\/p>\n\n\n\n<p>L&rsquo;ouvrage se termine sur un glossaire et une bibliographie qui permettra au lecteur de poursuivre son apprentissage de la franc-ma\u00e7onnerie, d&rsquo;en isoler la r\u00e9alit\u00e9 des fantasmes, mais surtout d&rsquo;en apercevoir les valeurs auxquels, ma\u00e7ons ou pas, il nous est loisible de trouver des qualit\u00e9s indispensables en nos temps d&rsquo;intol\u00e9rance, de violence, de fanatisme et de cruaut\u00e9.  Comme le conclut Arnaud de la Croix, <em>dans un monde o\u00f9 les clivages politiques, religieux ou sociaux tendent \u00e0 se durcir, l&rsquo;objectif initial, celui de \u00ab\u00a0r\u00e9unir ce qui est \u00e9pars\u00a0\u00bb, de faire se rencontrer ceux qui sans cela ne se seraient jamais rencontr\u00e9s, cet id\u00e9al reste peut-\u00eatre plus que jamais d&rsquo;actualit\u00e9.<\/em><\/p>\n\n\n\n<p>Formons le voeu qu&rsquo;en cette p\u00e9riode oppressante la lecture de ce livre piquera la curiosit\u00e9 de celles et ceux qui y auront d\u00e9couvert un cheminement dans l&rsquo;Histoire et dans le mouvement incessant des id\u00e9es et des engagements qui tentent si pas de la rendre  plus acceptable, au moins d&rsquo;en tirer des le\u00e7ons.<\/p>\n\n\n\n<p>Jean Jauniaux, le 29 octobre 2020.<\/p>\n\n\n\n<p>Nous avons rencontr\u00e9 \u00ab\u00a0virtuellement\u00a0\u00bb  Arnaud de la Croix dont l&rsquo;entretien est accessible <a href=\"https:\/\/youtu.be\/ZGr71Qi0CYE\">ci-dessous en video <\/a>et en podcast audio.<\/p>\n\n\n\n<figure class=\"wp-block-embed-youtube wp-block-embed is-type-video is-provider-youtube wp-embed-aspect-16-9 wp-has-aspect-ratio\"><div class=\"wp-block-embed__wrapper\">\n<iframe loading=\"lazy\" title=\"Ecoutez Arnaud de la Croix au micro de Jean Jauniaux\" width=\"1170\" height=\"658\" src=\"https:\/\/www.youtube.com\/embed\/ZGr71Qi0CYE?feature=oembed\" frameborder=\"0\" allow=\"accelerometer; autoplay; clipboard-write; encrypted-media; gyroscope; picture-in-picture\" allowfullscreen><\/iframe>\n<\/div><\/figure>\n\n\n\n<figure class=\"wp-block-embed-spotify wp-block-embed is-type-rich is-provider-spotify wp-embed-aspect-21-9 wp-has-aspect-ratio\"><div class=\"wp-block-embed__wrapper\">\n<iframe loading=\"lazy\" title=\"Spotify Embed: &quot;La franc-ma\u00e7onnerie d\u00e9voil\u00e9e&quot; une BD d&#039;Arnaud de la Croix (sc\u00e9nario) et Philippe Bercovici (dessin)\" width=\"100%\" height=\"232\" allowtransparency=\"true\" frameborder=\"0\" allow=\"encrypted-media\" src=\"https:\/\/open.spotify.com\/embed-podcast\/episode\/1XIvGIiaglRDnO4R2fmHM0\"><\/iframe>\n<\/div><\/figure>\n\n\n\n<p><a href=\"https:\/\/www.lelombard.com\/bd\/la-franc-maconnerie-devoilee\/la-franc-maconnerie-devoilee\"><strong>Sur le site des Editions du Lombard:<\/strong><\/a><\/p>\n\n\n\n<p><em>Sulfureuse, myst\u00e9rieuse, mystique, obscure, la franc-ma\u00e7onnerie continue aujourd&rsquo;hui encore d&rsquo;alimenter tous les fantasmes. R\u00e9seau d&rsquo;influences, soci\u00e9t\u00e9 secr\u00e8te ou discr\u00e8te, liens avec les Illuminati, origine templi\u00e8re : nombreuses sont les rumeurs qui courent \u00e0 son sujet. Mais de quoi s&rsquo;agit-il exactement ? Qu&rsquo;est-ce qui peut \u00eatre assez important pour r\u00e9unir des personnalit\u00e9s aussi diff\u00e9rentes que Benjamin Franklin, Mirabeau, Mozart, Rudyard Kipling, Maria Deraismes ou encore Himmler ?<\/em><\/p>\n\n\n\n<p><em>L&rsquo;historien Arnaud De La Croix et l&rsquo;auteur de BD Philippe Bercovici nous font p\u00e9n\u00e9trer dans les coulisses de l&rsquo;ordre ma\u00e7onnique \u00e0 l&rsquo;\u00e9chelle internationale. Ils d\u00e9voilent la r\u00e9alit\u00e9 derri\u00e8re le mythe, en approchant dix-huit personnages-cl\u00e9s, c\u00e9l\u00e8bres ou m\u00e9connus, qui ont compt\u00e9 dans l&rsquo;histoire de la ma\u00e7onnerie et pour qui la ma\u00e7onnerie a compt\u00e9.<\/em><\/p>\n\n\n\n<p><\/p>\n","protected":false},"excerpt":{"rendered":"<p>Les Editions du Lombard publient une histoire passionnante de la franc-ma\u00e7onnerie, racont\u00e9e avec la rigueur et l&rsquo;\u00e9rudition de l&rsquo;historien Arnaud&nbsp;[&hellip;]<\/p>\n","protected":false},"author":2,"featured_media":1711,"comment_status":"closed","ping_status":"closed","sticky":false,"template":"","format":"standard","meta":{"footnotes":""},"categories":[7,8,3],"tags":[],"class_list":["post-1708","post","type-post","status-publish","format-standard","has-post-thumbnail","hentry","category-bd","category-essais","category-litterature-dici","post-item clearfix"],"_links":{"self":[{"href":"https:\/\/edmondmorrel.be\/index.php?rest_route=\/wp\/v2\/posts\/1708","targetHints":{"allow":["GET"]}}],"collection":[{"href":"https:\/\/edmondmorrel.be\/index.php?rest_route=\/wp\/v2\/posts"}],"about":[{"href":"https:\/\/edmondmorrel.be\/index.php?rest_route=\/wp\/v2\/types\/post"}],"author":[{"embeddable":true,"href":"https:\/\/edmondmorrel.be\/index.php?rest_route=\/wp\/v2\/users\/2"}],"replies":[{"embeddable":true,"href":"https:\/\/edmondmorrel.be\/index.php?rest_route=%2Fwp%2Fv2%2Fcomments&post=1708"}],"version-history":[{"count":8,"href":"https:\/\/edmondmorrel.be\/index.php?rest_route=\/wp\/v2\/posts\/1708\/revisions"}],"predecessor-version":[{"id":2213,"href":"https:\/\/edmondmorrel.be\/index.php?rest_route=\/wp\/v2\/posts\/1708\/revisions\/2213"}],"wp:featuredmedia":[{"embeddable":true,"href":"https:\/\/edmondmorrel.be\/index.php?rest_route=\/wp\/v2\/media\/1711"}],"wp:attachment":[{"href":"https:\/\/edmondmorrel.be\/index.php?rest_route=%2Fwp%2Fv2%2Fmedia&parent=1708"}],"wp:term":[{"taxonomy":"category","embeddable":true,"href":"https:\/\/edmondmorrel.be\/index.php?rest_route=%2Fwp%2Fv2%2Fcategories&post=1708"},{"taxonomy":"post_tag","embeddable":true,"href":"https:\/\/edmondmorrel.be\/index.php?rest_route=%2Fwp%2Fv2%2Ftags&post=1708"}],"curies":[{"name":"wp","href":"https:\/\/api.w.org\/{rel}","templated":true}]}}