{"id":1611,"date":"2015-11-20T16:45:06","date_gmt":"2015-11-20T15:45:06","guid":{"rendered":"http:\/\/edmondmorrel.be\/?p=1611"},"modified":"2020-10-28T17:03:14","modified_gmt":"2020-10-28T16:03:14","slug":"le-journal-de-guerre-de-daniel-salvatore-schiffer-kosovo-1999","status":"publish","type":"post","link":"https:\/\/edmondmorrel.be\/?p=1611","title":{"rendered":"Le journal de guerre de Daniel Salvatore Schiffer : Kosovo 1999"},"content":{"rendered":"\n<h3 class=\"wp-block-heading\">\u00ab\u00a0journal de guerre&nbsp;: le testament du kosovo\u00a0\u00bb de daniel salvatore schiffer<\/h3>\n\n\n\n<p>Les Editions du Rocher publient le dernier ouvrage en date du philosophe Daniel Salvatore Schiffer. Nous connaissons ce dernier par les ouvrages qu\u2019il a consacr\u00e9s ces derni\u00e8res ann\u00e9es au Dandysme. Nous l\u2019avions rencontr\u00e9 \u00e0 l\u2019occasion de la publication de la plupart des ouvrages qu\u2019il a consacr\u00e9 \u00e0 ce mouvement.<br>On se souviendra de ses \u00ab\u00a0beaux-livres\u00a0\u00bb comme \u00ab\u00a0Le Dandysme\u00a0\u00bb paru chez Fran\u00e7ois Bourin ou son \u00ab\u00a0Oscar Wilde\u00a0\u00bb paru \u00e0 La Martini\u00e8re. Les biographies comme celles qu\u2019il consacre dans la collection Folio-Biographies \u00e0 \u00ab\u00a0Lord Byron\u00a0\u00bb ou celle consacr\u00e9e \u00e0 Oscar Wilde sont devenues des r\u00e9f\u00e9rences incontournables.<br>Aujourd\u2019hui, il nous revient avec un \u00ab\u00a0Journal de guerre&nbsp;: Le testament du Kosovo\u00a0\u00bb, celui qu\u2019il a tenu du 24 mars au 10 juin 1999 dans l\u2019ex-Yougoslavie, en particulier au Kosovo qui \u00e0 l\u2019\u00e9poque appartenait encore \u00e0 la Serbie.<br>Nous n\u2019avons pas encore eu l\u2019occasion d\u2019interviewer le philosophe \u00e0 propos de cet ouvrage qui s\u2019inscrit dans la continuit\u00e9 du \u00ab\u00a0Requiem pour l\u2019Europe\u00a0\u00bb (L\u2019Age d\u2019homme\u00a0\u00bb, 1993) , de son \u00ab\u00a0Journal de la Honte. R\u00e9flexions sur la question yougoslave\u00a0\u00bb (Editions De Luyne, 1994) et de \u00ab\u00a0Les ruines de l\u2019intelligence. Les intellectuels et la guerre en ex-Yougoslavie\u00a0\u00bb (Wern, 1996).<\/p>\n\n\n\n<p><strong>Edmond Morrel, Bruxelles, interview enregistr\u00e9e le 12 novembre 2015<\/strong><\/p>\n\n\n\n<figure class=\"wp-block-embed-spotify wp-block-embed is-type-rich is-provider-spotify wp-embed-aspect-21-9 wp-has-aspect-ratio\"><div class=\"wp-block-embed__wrapper\">\n<iframe loading=\"lazy\" title=\"Spotify Embed: Le journal de guerre de Daniel Salvatore Schiffer : Kosovo 1999\" width=\"100%\" height=\"232\" allowtransparency=\"true\" frameborder=\"0\" allow=\"encrypted-media\" src=\"https:\/\/open.spotify.com\/embed-podcast\/episode\/3TsbuEqKZXvef77oK1TaiH\"><\/iframe>\n<\/div><\/figure>\n\n\n\n<p><strong>Quatri\u00e8me de couverture du livre&nbsp;:<\/strong><\/p>\n\n\n\n<p><em>\u00ab\u00a01999. La Serbie est bombard\u00e9e par l\u2019aviation de l\u2019OTAN, sans mandat de l\u2019ONU. Seul intellectuel \u00e9tranger \u00e0 \u00eatre pr\u00e9sent sur le terrain, dans ce que l\u2019on appelait alors l\u2019ex-Yougoslavie, durant toute la dur\u00e9e de cette intervention militaire (du 24 mars au 10 juin 1999), Daniel Salvatore Schiffer offre, par ce document exceptionnel, un t\u00e9moignage unique. L\u2019auteur, qui parcourt sans rel\u00e2che, au p\u00e9ril de sa vie, le pays en guerre, ne se limite cependant pas \u00e0 y analyser, en philosophe et en humaniste, la cruelle r\u00e9alit\u00e9 du conflit. Il l\u2019\u00e9taye aussi, preuves \u00e0 l\u2019appui, par une impressionnante s\u00e9rie de constats mat\u00e9riels, d\u2019\u00e9changes directs avec les survivants et de photos in\u00e9dites, r\u00e9colt\u00e9s aux quatre coins de la Serbie, dont le Kosovo faisait encore partie int\u00e9grante. Daniel Salvatore Schiffer, qui fut aussi bless\u00e9 par un de ces raids a\u00e9riens de l\u2019Alliance atlantique, n\u2019a pas souhait\u00e9 publier ce livre jusqu\u2019ici. Car ce journal de guerre contient en effet des r\u00e9v\u00e9lations qui auraient \u00e9t\u00e9 auparavant inaudibles, voire irrecevables, au vu du contexte de diabolisation dans lequel une grande partie de l\u2019intelligentsia europ\u00e9enne et des m\u00e9dias internationaux en leur ensemble avaient alors d\u00e9cid\u00e9, sans esprit critique ni effort l\u2019analyse, de jeter unilat\u00e9ralement, syst\u00e9matiquement \u00e0 de rares exceptions pr\u00e8s, les Serbes, sans nuances ni distinctions.<br>Ainsi est-ce la v\u00e9rit\u00e9 historique, concernant cette derni\u00e8re guerre, en Europe, du xxe si\u00e8cle, que Daniel Salvatore Schiffer tente de r\u00e9tablir, contre l\u2019opinion commun\u00e9ment re\u00e7ue, dans ce Testament du Kosovo.\u00a0\u00bb<\/em><\/p>\n","protected":false},"excerpt":{"rendered":"<p>\u00ab\u00a0journal de guerre&nbsp;: le testament du kosovo\u00a0\u00bb de daniel salvatore schiffer Les Editions du Rocher publient le dernier ouvrage en&nbsp;[&hellip;]<\/p>\n","protected":false},"author":2,"featured_media":1612,"comment_status":"closed","ping_status":"closed","sticky":false,"template":"","format":"standard","meta":{"footnotes":""},"categories":[8],"tags":[],"class_list":["post-1611","post","type-post","status-publish","format-standard","has-post-thumbnail","hentry","category-essais","post-item clearfix"],"_links":{"self":[{"href":"https:\/\/edmondmorrel.be\/index.php?rest_route=\/wp\/v2\/posts\/1611","targetHints":{"allow":["GET"]}}],"collection":[{"href":"https:\/\/edmondmorrel.be\/index.php?rest_route=\/wp\/v2\/posts"}],"about":[{"href":"https:\/\/edmondmorrel.be\/index.php?rest_route=\/wp\/v2\/types\/post"}],"author":[{"embeddable":true,"href":"https:\/\/edmondmorrel.be\/index.php?rest_route=\/wp\/v2\/users\/2"}],"replies":[{"embeddable":true,"href":"https:\/\/edmondmorrel.be\/index.php?rest_route=%2Fwp%2Fv2%2Fcomments&post=1611"}],"version-history":[{"count":1,"href":"https:\/\/edmondmorrel.be\/index.php?rest_route=\/wp\/v2\/posts\/1611\/revisions"}],"predecessor-version":[{"id":1613,"href":"https:\/\/edmondmorrel.be\/index.php?rest_route=\/wp\/v2\/posts\/1611\/revisions\/1613"}],"wp:featuredmedia":[{"embeddable":true,"href":"https:\/\/edmondmorrel.be\/index.php?rest_route=\/wp\/v2\/media\/1612"}],"wp:attachment":[{"href":"https:\/\/edmondmorrel.be\/index.php?rest_route=%2Fwp%2Fv2%2Fmedia&parent=1611"}],"wp:term":[{"taxonomy":"category","embeddable":true,"href":"https:\/\/edmondmorrel.be\/index.php?rest_route=%2Fwp%2Fv2%2Fcategories&post=1611"},{"taxonomy":"post_tag","embeddable":true,"href":"https:\/\/edmondmorrel.be\/index.php?rest_route=%2Fwp%2Fv2%2Ftags&post=1611"}],"curies":[{"name":"wp","href":"https:\/\/api.w.org\/{rel}","templated":true}]}}