{"id":1608,"date":"2015-12-03T16:44:06","date_gmt":"2015-12-03T15:44:06","guid":{"rendered":"http:\/\/edmondmorrel.be\/?p=1608"},"modified":"2020-10-28T17:03:29","modified_gmt":"2020-10-28T16:03:29","slug":"les-compagnons-etranges-et-familiers-danne-richter","status":"publish","type":"post","link":"https:\/\/edmondmorrel.be\/?p=1608","title":{"rendered":"Les compagnons \u00ab\u00a0\u00e9tranges et familiers\u00a0\u00bb d\u2019Anne Richter"},"content":{"rendered":"\n<p>Ils sont trente-huit \u00e0 avoir \u00e9t\u00e9 r\u00e9unis par la romanci\u00e8re et essayiste Anne Richter sous la couverture orn\u00e9e d\u2019un portrait de sa m\u00e8re, la romanci\u00e8re Marie-Th\u00e9r\u00e8se Bodart\u00a0: \u00e9tranges et familiers, ces \u00e9crivains qui, sous la plume de Richter s\u2019inscrivent dans trois sources d\u2019inspiration\u00a0: les femmes, l\u2019art et le myst\u00e8re, dans lesquelles se reconna\u00eet aussi la nouvelliste \u00e0 qui l\u2019on doit \u00ab\u00a0L\u2019Ange hurleur\u00a0\u00bb et \u00ab\u00a0La promenade du grand canal\u00a0\u00bb. Nous l\u2019avons rencontr\u00e9e dans son appartement bruxellois aux murs-biblioth\u00e8ques. Sur la table, le roman en cours de lecture\u00a0: \u00ab\u00a0Carthage\u00a0\u00bb de Joyce Carol Oates, une de ces \u00e9tranges et famili\u00e8res figures de la litt\u00e9rature qui accompagnent Richter&#8230;<br><strong><br>Edmond Morrel, Bruxelles le 3 d\u00e9cembre 2015<\/strong><\/p>\n\n\n\n<figure class=\"wp-block-embed-spotify wp-block-embed is-type-rich is-provider-spotify wp-embed-aspect-21-9 wp-has-aspect-ratio\"><div class=\"wp-block-embed__wrapper\">\n<iframe loading=\"lazy\" title=\"Spotify Embed: Les compagnons &quot;\u00e9tranges et familiers&quot; d\u2019Anne Richter 1\/2\" width=\"100%\" height=\"232\" allowtransparency=\"true\" frameborder=\"0\" allow=\"encrypted-media\" src=\"https:\/\/open.spotify.com\/embed-podcast\/episode\/3Pzmmcgz8hlpjgcCXLYpy8\"><\/iframe>\n<\/div><\/figure>\n\n\n\n<figure class=\"wp-block-embed-spotify wp-block-embed is-type-rich is-provider-spotify wp-embed-aspect-21-9 wp-has-aspect-ratio\"><div class=\"wp-block-embed__wrapper\">\n<iframe loading=\"lazy\" title=\"Spotify Embed: Les compagnons &quot;\u00e9tranges et familiers&quot; d\u2019Anne Richter 2\/2\" width=\"100%\" height=\"232\" allowtransparency=\"true\" frameborder=\"0\" allow=\"encrypted-media\" src=\"https:\/\/open.spotify.com\/embed-podcast\/episode\/3eSZjaw9QTD5x8m7GXKS1z\"><\/iframe>\n<\/div><\/figure>\n\n\n\n<p><a href=\"http:\/\/www.avantpropos.eu\/auteur\/anne-richter\" rel=\"noreferrer noopener\" target=\"_blank\">Sur le site de l\u2019\u00e9diteur&nbsp;:<\/a><\/p>\n\n\n\n<p><em>ANNE RICHTER<\/em><\/p>\n\n\n\n<p><em>N\u00e9e d\u2019un p\u00e8re po\u00e8te et d\u2019une m\u00e8re romanci\u00e8re, Anne Richter vit dans une famille o\u00f9 tout le monde a toujours \u00e9crit. Licenci\u00e9e en philosophie et lettres, nouvelliste et essayiste, sp\u00e9cialiste du fantastique, elle a con\u00e7u une \u0153uvre qui se partage entre la critique et la fiction. Auteure d\u2019une vingtaine de livres, elle a obtenu plusieurs prix de l\u2019Acad\u00e9mie, ainsi que le prix du Parlement de la F\u00e9d\u00e9ration Wallonie-Bruxelles pour l\u2019essai Simenon malgr\u00e9 lui. Elle a \u00e9t\u00e9 pendant sept ans pr\u00e9sidente des \u00ab&nbsp;\u2009Midis de la Po\u00e9sie\u2009&nbsp;\u00bb \u00e0 Bruxelles, et la R\u00e9publique fran\u00e7aise lui a d\u00e9cern\u00e9 en 2003 le titre de chevalier dans l\u2019ordre des Arts et des Lettres.<\/em><\/p>\n","protected":false},"excerpt":{"rendered":"<p>Ils sont trente-huit \u00e0 avoir \u00e9t\u00e9 r\u00e9unis par la romanci\u00e8re et essayiste Anne Richter sous la couverture orn\u00e9e d\u2019un portrait&nbsp;[&hellip;]<\/p>\n","protected":false},"author":2,"featured_media":1609,"comment_status":"closed","ping_status":"closed","sticky":false,"template":"","format":"standard","meta":{"footnotes":""},"categories":[8],"tags":[],"class_list":["post-1608","post","type-post","status-publish","format-standard","has-post-thumbnail","hentry","category-essais","post-item clearfix"],"_links":{"self":[{"href":"https:\/\/edmondmorrel.be\/index.php?rest_route=\/wp\/v2\/posts\/1608","targetHints":{"allow":["GET"]}}],"collection":[{"href":"https:\/\/edmondmorrel.be\/index.php?rest_route=\/wp\/v2\/posts"}],"about":[{"href":"https:\/\/edmondmorrel.be\/index.php?rest_route=\/wp\/v2\/types\/post"}],"author":[{"embeddable":true,"href":"https:\/\/edmondmorrel.be\/index.php?rest_route=\/wp\/v2\/users\/2"}],"replies":[{"embeddable":true,"href":"https:\/\/edmondmorrel.be\/index.php?rest_route=%2Fwp%2Fv2%2Fcomments&post=1608"}],"version-history":[{"count":1,"href":"https:\/\/edmondmorrel.be\/index.php?rest_route=\/wp\/v2\/posts\/1608\/revisions"}],"predecessor-version":[{"id":1610,"href":"https:\/\/edmondmorrel.be\/index.php?rest_route=\/wp\/v2\/posts\/1608\/revisions\/1610"}],"wp:featuredmedia":[{"embeddable":true,"href":"https:\/\/edmondmorrel.be\/index.php?rest_route=\/wp\/v2\/media\/1609"}],"wp:attachment":[{"href":"https:\/\/edmondmorrel.be\/index.php?rest_route=%2Fwp%2Fv2%2Fmedia&parent=1608"}],"wp:term":[{"taxonomy":"category","embeddable":true,"href":"https:\/\/edmondmorrel.be\/index.php?rest_route=%2Fwp%2Fv2%2Fcategories&post=1608"},{"taxonomy":"post_tag","embeddable":true,"href":"https:\/\/edmondmorrel.be\/index.php?rest_route=%2Fwp%2Fv2%2Ftags&post=1608"}],"curies":[{"name":"wp","href":"https:\/\/api.w.org\/{rel}","templated":true}]}}