{"id":1312,"date":"2020-08-11T14:41:53","date_gmt":"2020-08-11T12:41:53","guid":{"rendered":"http:\/\/edmondmorrel.be\/?p=1312"},"modified":"2020-09-20T10:33:50","modified_gmt":"2020-09-20T08:33:50","slug":"une-amitie-singuliere-ecoutez-floch-au-micro-dedmond-morrel","status":"publish","type":"post","link":"https:\/\/edmondmorrel.be\/?p=1312","title":{"rendered":"\u00ab\u00a0Une amiti\u00e9 singuli\u00e8re\u00a0\u00bb : Ecoutez Floc&rsquo;h au micro d&rsquo;Edmond Morrel"},"content":{"rendered":"\n<p class=\"has-text-align-center\"><strong>\u00ab&nbsp;Une amiti\u00e9 singuli\u00e8re&nbsp;\u00bb de Floc\u2019h et Rivi\u00e8re.<\/strong><\/p>\n\n\n\n<p><br><\/p>\n\n\n\n<p>En r\u00e9unissant en un seul volume les premi\u00e8res \u0153uvres de Floc\u2019h co-\u00e9crites avec le complice d\u2019alors Fran\u00e7ois Rivi\u00e8re, <a href=\"https:\/\/www.dargaud.com\/bd\/Floc-h-integrale\ufeff\">les \u00c9ditions Dargaud<\/a> nous offrent l\u2019occasion de nous replonger dans cette saga anglaise dont les albums se sont succ\u00e9d\u00e9s entre 1977 (apr\u00e8s parution hebdomadaire dans <em>Pilote<\/em> <em>&nbsp;<\/em>du premier volume<em>)<\/em> et 2009. <\/p>\n\n\n\n<p>Entre ces deux dates, parurent&nbsp;&nbsp; <em>Le Rendez-vous de Sevenoaks<\/em>, (1977),<em> Le Dossier Harding, (<\/em>1980)<em>,&nbsp; \u00c0 la recherche de Sir Malcolm, (<\/em>1984) <em>&nbsp;Olivia Sturgess : 1914-2004<\/em>, (2005)<em>, &nbsp;Blitz (<\/em>1983)<em>,&nbsp;&nbsp;&nbsp; Underground, <\/em>(1996)<em> Black Out et autres histoires du Blitz, <\/em>(2009)<em>.<\/em><\/p>\n\n\n\n<figure class=\"wp-block-image size-medium\"><img loading=\"lazy\" decoding=\"async\" width=\"221\" height=\"300\" src=\"https:\/\/edmondmorrel.be\/wp-content\/uploads\/2020\/08\/Livresse-couverure-floch-une-maiti\u00e9-singuli\u00e8re-Capture-d\u2019\u00e9cran-2020-08-02-\u00e0-11.07.03-221x300.png\" alt=\"\" class=\"wp-image-1313\" srcset=\"https:\/\/edmondmorrel.be\/wp-content\/uploads\/2020\/08\/Livresse-couverure-floch-une-maiti\u00e9-singuli\u00e8re-Capture-d\u2019\u00e9cran-2020-08-02-\u00e0-11.07.03-221x300.png 221w, https:\/\/edmondmorrel.be\/wp-content\/uploads\/2020\/08\/Livresse-couverure-floch-une-maiti\u00e9-singuli\u00e8re-Capture-d\u2019\u00e9cran-2020-08-02-\u00e0-11.07.03-200x272.png 200w, https:\/\/edmondmorrel.be\/wp-content\/uploads\/2020\/08\/Livresse-couverure-floch-une-maiti\u00e9-singuli\u00e8re-Capture-d\u2019\u00e9cran-2020-08-02-\u00e0-11.07.03.png 676w\" sizes=\"auto, (max-width: 221px) 100vw, 221px\" \/><\/figure>\n\n\n\n<p>La nouvelle parution de ces r\u00e9cits d\u00e9bute par <em>A propos de Francis par Olivia Sturgess<\/em>, une lettre m\u00e9morielle qu\u2019adresse la romanci\u00e8re Olivia Sturgess \u00e0 son \u00ab&nbsp;vieil ami&nbsp;\u00bb , le critique litt\u00e9raire Francis Albany. L\u2019occasion pour Floc\u2019h de raconter la double biographie de ces personnages f\u00e9tiches,&nbsp; une vie qui s\u2019est compos\u00e9e au fil des albums, \u00e0 partir de \u00ab&nbsp;Rendez-vous de Sevenoaks&nbsp;\u00bb, un r\u00e9cit qui n\u2019\u00e9tait pas destin\u00e9 \u00e0 avoir de suite. Cette introduction \u00e0 la fois litt\u00e9raire et graphique est orn\u00e9e de documents illustr\u00e9s (ah&nbsp;! le charme intriguant des photographies dessin\u00e9es en noir et blanc&nbsp;!), de \u00ab&nbsp;photographies&nbsp;\u00bb, de livres d\u2019Olivia Sturgess ou d\u2019autres \u00e9crivains \u00e9minents (mais r\u00e9els ceux-l\u00e0\u2026). Ce premier r\u00e9cit nourrit le lecteur de cette illusion qui l\u2019accompagnera au fil des 406 pages et enchantera celui qui s\u2019abandonne \u00e0 l\u2019entrelacement du r\u00e9el et de la fiction, \u00e0 l\u2019intrusion de personnages historiques (Hitchcock, Somerset Maugham, Auberon Waugh, dans la compagnie des deux \u00ab&nbsp;h\u00e9ros&nbsp;\u00bb de la s\u00e9rie, et \u00e0 l\u2019adh\u00e9sion \u00e0 ces deux destins imaginaires, dans un monde qui est devenu un pr\u00e9texte, un d\u00e9cor pour les raconter. C\u2019est \u00e0 la mani\u00e8re des romanciers du XIX e si\u00e8cle, une exploration de la com\u00e9die humaine qui nous est donn\u00e9e ici \u00e0 lire, \u00e0 voir. Ou plut\u00f4t, une investigation de la nature humaine\u2026 Car, il ne faut pas s\u2019y tromper&nbsp;: &nbsp;en explorant les destins qui nous sont cont\u00e9s dans ces vignettes au graphisme \u00e9pur\u00e9s, le lecteur observera un monde, tel un entomologiste pench\u00e9 sur un univers faussement connu et tellement impr\u00e9visible.<\/p>\n\n\n\n<p>Le recueil s\u2019ach\u00e8ve, apr\u00e8s la mort de la romanci\u00e8re Olivia Sturgess, par le catalogue de la collection \u00ab&nbsp;Albany-Sturgess&nbsp;\u00bb , organis\u00e9e par Milton House \u00e0 Londres en juin 2005. On aurait tellement aim\u00e9 que tout ceci n\u2019ait pas \u00e9t\u00e9 une fable et que cette exposition ait vraiment rassembl\u00e9 \u00ab&nbsp;l\u2019ensemble des documents photographiques, picturaux, objets personnels de Dame Olivia et sir Francis&nbsp;\u00bb , qu\u2019on ait pu y voir sign\u00e9e par Yusuf Karsh, le double portrait photographique&nbsp; des \u00ab&nbsp;h\u00e9ros&nbsp;\u00bb de cette destin\u00e9e hors-norme (la \u00ab&nbsp;reproduction&nbsp;\u00bb par Floc\u2019h de la photographie r\u00e9alis\u00e9e par le ma\u00eetre du portrait est \u00e0 couper le souffle&nbsp;!).<\/p>\n\n\n\n<p>Ce chapitre cl\u00f4t une vie imaginaire, mais\naussi une part de l\u2019\u0153uvre de Floc\u2019h dont nous avions d\u00e9j\u00e0 eu l\u2019occasion de\nrendre compte ici, lors de diff\u00e9rentes interviews (dont les liens figurent\nci-dessous)<\/p>\n\n\n\n<p>La confinement nous a contraints \u00e0 r\u00e9aliser\ncette interview par le biais des technologies de l\u2019internet et \u00e0 travers\n\u00e9crans, l\u2019un \u00e0 Biarritz o\u00f9 est install\u00e9 depuis peu Floc\u2019h, l\u2019autre en Belgique,\ndans le Brabant wallon cher \u00e0 Herg\u00e9 et E.P. Jacobs. Malgr\u00e9 cette distance,\nc\u2019est bonheur toujours renouvel\u00e9 de rencontrer Floc\u2019h et de le soumettre \u00e0 la\nquestion, ou plut\u00f4t d\u2019\u00e9changer avec lui ces sensations esth\u00e9tiques que procure\nson \u0153uvre, dans les diff\u00e9rentes d\u00e9clinaisons que nous connaissons&nbsp;: bande\ndessin\u00e9e, affiches, illustrations litt\u00e9raires, couvertures de magazines\u2026 <\/p>\n\n\n\n<p>Au moment d\u2019\u00e9crire ces lignes, nous nous rendons compte que nous sommes t\u00e9moin, depuis les premi\u00e8res parutions de <em>&nbsp;Rendez-vous de Seven Oaks&nbsp;<\/em>, au fil des publications en hebdomadaires, en mensuels ou en albums, de ce que Floc\u2019h r\u00e9alise sans discontinuer ce qui constitue une \u0153uvre, au sens plein et entier du terme. Celle-ci poss\u00e8de en propre une esth\u00e9tique, une mythologie, un espace et leur repr\u00e9sentation dans une ligne qui n\u2019appartient qu\u2019\u00e0 cet auteur singulier et multiple.<\/p>\n\n\n\n<p>Ce recueil, cette \u00ab&nbsp;<em>Amiti\u00e9 singuli\u00e8re&nbsp;<\/em>\u00bb, nous aidera \u00e0 patienter avant de d\u00e9couvrir les eux prochains opus dont Floc\u2019h d\u00e9j\u00e0 nous parle avec cette gourmandise impatiente qui en fait non seulement un grand artiste, mais aussi un \u00eatre attachant dont nous apprendrons encore beaucoup sur la nature humaine en lisant &nbsp;<em>Une chienne de vie&nbsp;<\/em> et &nbsp;<em>La femme de ma vie<\/em>&nbsp; , deux parutions annonc\u00e9es pour mars de l\u2019an 2021\u2026 <\/p>\n\n\n\n<p>Profitons de ce r\u00e9pit pour lire \u00ab&nbsp;Une\namiti\u00e9 singuli\u00e8re&nbsp;\u00bb et aussi, pour aller revisiter les \u0153uvres plus\nr\u00e9centes, \u00e0 propos desquelles nous avions soumis Floc\u2019h \u00e0 la question\u2026<\/p>\n\n\n\n<p>Edmond Morrel, le 6 ao\u00fbt 2020.<\/p>\n\n\n\n<p>Ci-dessous, les liens vers les interviews de\nFloc\u2019h et les textes qui les accompagnaient alors, par Edmond Morrel <\/p>\n\n\n\n<p>Et aussi ce portrait de nos rencontres\nsinguli\u00e8res, dessin\u00e9 par Floc\u2019h\u2026<\/p>\n\n\n\n<p>Jean Jauniaux<\/p>\n\n\n\n<figure class=\"wp-block-embed-spotify wp-block-embed is-type-rich is-provider-spotify wp-embed-aspect-21-9 wp-has-aspect-ratio\"><div class=\"wp-block-embed__wrapper\">\n<iframe loading=\"lazy\" title=\"Spotify Embed: &quot;Une amiti\u00e9 singuli\u00e8re&quot; : Ecoutez Floc&#039;h au micro d&#039;Edmond Morrel\" width=\"100%\" height=\"232\" allowtransparency=\"true\" frameborder=\"0\" allow=\"encrypted-media\" src=\"https:\/\/open.spotify.com\/embed-podcast\/episode\/5H8Q6PBx2XxYNzbAUesrtP\"><\/iframe>\n<\/div><\/figure>\n\n\n\n<figure class=\"wp-block-image\"><img loading=\"lazy\" decoding=\"async\" width=\"1024\" height=\"949\" src=\"https:\/\/edmondmorrel.be\/wp-content\/uploads\/2020\/08\/Jean-et-edmond-SACD-vus-par-Floch-DSC_8012-Version-2-1024x949.jpg\" alt=\"\" class=\"wp-image-1314\" srcset=\"https:\/\/edmondmorrel.be\/wp-content\/uploads\/2020\/08\/Jean-et-edmond-SACD-vus-par-Floch-DSC_8012-Version-2-1024x949.jpg 1024w, https:\/\/edmondmorrel.be\/wp-content\/uploads\/2020\/08\/Jean-et-edmond-SACD-vus-par-Floch-DSC_8012-Version-2-300x278.jpg 300w, https:\/\/edmondmorrel.be\/wp-content\/uploads\/2020\/08\/Jean-et-edmond-SACD-vus-par-Floch-DSC_8012-Version-2-768x712.jpg 768w, https:\/\/edmondmorrel.be\/wp-content\/uploads\/2020\/08\/Jean-et-edmond-SACD-vus-par-Floch-DSC_8012-Version-2-200x185.jpg 200w, https:\/\/edmondmorrel.be\/wp-content\/uploads\/2020\/08\/Jean-et-edmond-SACD-vus-par-Floch-DSC_8012-Version-2-690x640.jpg 690w, https:\/\/edmondmorrel.be\/wp-content\/uploads\/2020\/08\/Jean-et-edmond-SACD-vus-par-Floch-DSC_8012-Version-2-1320x1224.jpg 1320w\" sizes=\"auto, (max-width: 1024px) 100vw, 1024px\" \/><figcaption>Floc&rsquo;h accueillant chez lui pour une interview Edmond Morrel et Jean Jauniaux&#8230;<\/figcaption><\/figure>\n\n\n\n<p><em><strong><a href=\"https:\/\/edmondmorrel.be\/?p=700\">Une vie exemplaire <\/a><\/strong>et&nbsp;<strong><a href=\"https:\/\/edmondmorrel.be\/?p=694\">O\u00f9&nbsp;m\u00e8ne&nbsp;la&nbsp;vie?<\/a><\/strong><\/em><\/p>\n\n\n\n<p>Il restait \u00e0 red\u00e9couvrir l\u2019ouvrage\nfondamental, le socle en quelque sorte sur lequel \u00e9tait pos\u00e9 l\u2019univers qui nous\nenchantait, cet univers incarn\u00e9 \u00e0 l\u2019origine par une \u00ab&nbsp;anglitude&nbsp;\u00bb\nrevisit\u00e9e&nbsp;: faite d\u2019un d\u00e9tachement souriant, d\u2019une ironie douce sans\ncynisme, \u00e0 la Montaigne, pas moins&nbsp;! Cette comparaison nous avait \u00e9t\u00e9 inspir\u00e9e\nd\u2019un de ses livres \u00ab&nbsp;pour enfants&nbsp;\u00bb (soi-disant), paru en deux\nvolumes chez H\u00e9lium. \u00ab&nbsp;La notion de \u00ab livre d\u2019enfants \u00bb est ici revue de\nfond en comble par Floc\u2019h dont le faux d\u00e9tachement \u00e0 la Montaigne fait de\nchaque page un instant de s\u00e9r\u00e9nit\u00e9 souriante : texte bref et images \u00e0 la ligne\nclaire s\u2019entrelacent, se contredisent, se moquent de leur s\u00e9rieux respectif. Ne\nvous fiez pas aux apparences : Floc\u2019h c\u2019est de la tendresse \u00e0 l\u2019\u00e9tat pur. On\ncomprend qu\u2019il d\u00e9ploie autant d\u2019effort pour la dissimuler : il fondrait comme\nfriandise au soleil.&nbsp;\u00bb <\/p>\n\n\n\n<p>Comme tout artiste v\u00e9ritable, Floc\u2019h nous\ninvite \u00e0 chaque lecture \u00e0 soulever la page et \u00e0 aller y regarder ce qui\nl\u2019inspire et surtout, ce qu\u2019elle nous inspire. Car c\u2019est bien de cela qu\u2019il\ns\u2019agit&nbsp;: l\u2019\u00e9motion esth\u00e9tique du lecteur devant une page\n\u00ab&nbsp;Floc\u2019hienne&nbsp;\u00bb, se nourrit autant de ce qu\u2019elle y d\u00e9couvre des\nintentions de l\u2019auteur, que de ce qu\u2019elle y apporte \u00e0 chaque lecture.<\/p>\n\n\n\n<p>S\u2019il fallait en trouver une d\u00e9monstration, il\nsuffirait d\u2019ouvrir <em>L\u2019inventaire <\/em>&nbsp;un de ces \u00ab&nbsp;beaux livres&nbsp;\u00bb dont\nchaque livre de Floc\u2019h est un exemple stimulant. Voici ce que nous en disions\nen introduction d\u2019un entretien avec l\u2019auteur, enregistr\u00e9 chez lui, \u00e0 Paris o\u00f9\nil r\u00e9sidait alors&nbsp;: \u00ab&nbsp;Voir le monde avec le regard de Floc\u2019h : c\u2019est\nce \u00e0 quoi nous invite l\u2019 \u00ab&nbsp;Inventaire \u00bb que les Editions de la Martini\u00e8re <\/p>\n\n\n\n<p>viennent de publier. Avec la complicit\u00e9 de\nJean-Luc Fromental, qui enregistrait leur \u00ab conversation \u00bb \u00e0 propos des images\nr\u00e9unies dans ce livre d\u2019art, Floc\u2019h nous livre un ab\u00e9c\u00e9daire chronologique (il\nn\u2019est pas \u00e0 un paradoxe pr\u00e8s !) de son oeuvre. Cet \u00ab Inventaire \u00bb r\u00e9unit un\n\u00e9chantillon kal\u00e9idoscopique de 40 ans de cr\u00e9ations d\u2019un des grands artistes de\nnotre temps. Installez-vous dans l\u2019ar\u00f4me d\u2019une tasse de th\u00e9, une cigarette\nallum\u00e9e dessine des volutes iconoclastes, et \u00e9coutez cette troisi\u00e8me\nconversation avec Floc\u2019h, enregistr\u00e9e dans son appartement \u00e0 Paris, d\u2019o\u00f9 il\nsemblerait que l\u2019on peut apercevoir Big Ben et la Tamise\u2026&nbsp;\u00bb<strong>\u00ab<\/strong><\/p>\n\n\n\n<p><strong>\u00ab\u00a0Inventaire\u00a0\u00bb<\/strong><\/p>\n\n\n\n<figure class=\"wp-block-image\"><img loading=\"lazy\" decoding=\"async\" width=\"538\" height=\"748\" src=\"https:\/\/edmondmorrel.be\/wp-content\/uploads\/2020\/08\/Capture-d\u2019\u00e9cran-2020-08-09-\u00e0-11.09.26.png\" alt=\"\" class=\"wp-image-1316\" srcset=\"https:\/\/edmondmorrel.be\/wp-content\/uploads\/2020\/08\/Capture-d\u2019\u00e9cran-2020-08-09-\u00e0-11.09.26.png 538w, https:\/\/edmondmorrel.be\/wp-content\/uploads\/2020\/08\/Capture-d\u2019\u00e9cran-2020-08-09-\u00e0-11.09.26-216x300.png 216w, https:\/\/edmondmorrel.be\/wp-content\/uploads\/2020\/08\/Capture-d\u2019\u00e9cran-2020-08-09-\u00e0-11.09.26-200x278.png 200w\" sizes=\"auto, (max-width: 538px) 100vw, 538px\" \/><\/figure>\n\n\n\n<p>En 2014, Floc\u2019h nous propose d\u2019identifier ce qui fait d\u2019une vie qu\u2019elle est (peut \u00eatre) belle. Dans&nbsp; \u00ab&nbsp;La belle vie&nbsp;\u00bb, qu\u2019il serait bon de prescrire \u00e0 l\u2019humanit\u00e9 confin\u00e9e que nous sommes devenus, \u00ab&nbsp;il y a des cabanes dans les arbres, des promenades en voiture de sport ou \u00e0 cheval, des envols au dessus des falaises, de la mer ou de la savane d\u2019Afrique\u2026 Tout est permis dans la fantaisie r\u00eav\u00e9e faite de petites choses au bout du compte : manger autant de glaces qu\u2019on veut, jouer Chopin et Satie, mais entre les lignes et les signes, un aveu peut-\u00eatre de Floc\u2019h \u00e0 la petite fille : \u00ab la belle vie c\u2019est faire ce livre avec toi \u00bb\u2026 Avec nous ? Ouvrons \u00e0 nouveau le livre\u2026 Le bonheur est \u00e0 chaque fois au rendez-vous\u2026&nbsp;\u00bb<\/p>\n\n\n\n<p><strong><a href=\"https:\/\/edmondmorrel.be\/?p=641\">\u00ab&nbsp;Edimbourg&nbsp;\u00bb pour Louis Vuiton<\/a><\/strong><\/p>\n\n\n\n<p><em>L\u2019Edimbourg de Floc\u2019h dans la collection \u00ab&nbsp;Travel Books&nbsp;\u00bb Louis Vuitton<\/em><\/p>\n\n\n\n<p>En 2015, \u00e0 l\u2019invitation du bagagiste Louis Vuitton, Floc\u2019h s\u2019immerge dans l\u2019Ecosse qu\u2019il transfigure en une destination du r\u00eave, litt\u00e9raire (on y croise R L Stevenson) historique et Floc\u2019hien . \u00ab&nbsp;C\u2019est peut-\u00eatre ici le livre le plus romanesque de Floc\u2019h. Pr\u00e9sent dans chaque page \u2013 \u00e0 peu s\u2019en faut \u2013 , l\u2019auteur devient le protagoniste de l\u2019Histoire avec un grand H. Il nous rend sensible \u00e0 l\u2019\u00e2me de l\u2019Ecosse. Il n\u2019en dessine pas une image d\u2019Epinal, comme une lecture inattentive pourrait le donner \u00e0 penser. Il s\u2019en invente une nouvelle l\u00e9gende \u00e0 laquelle il appartient de plain pied. Est-ce cela que nous montre l\u2019image inaugurale du livre : un chardon grav\u00e9 sur la chevali\u00e8re de Floc\u2019h et dont il nous raconte pourquoi cette plante \u00e9pineuse est devenue le symbole de l\u2019Ecosse ? En lisant ce livre, vous conna\u00eetrez ce qui a construit le temp\u00e9rament r\u00e9volt\u00e9 des Ecossais auquel Floc\u2019h recommande d\u2019ajouter \u00ab le respect des traditions, ce qui fait des Ecossais un peuple hors du commun \u00bb\u2026 Tiens, tiens : n\u2019y a-t-il pas l\u00e0 deux traits de caract\u00e8re de Floc\u2019h : r\u00e9volte et tradition ?&nbsp;\u00bb. <br><\/p>\n","protected":false},"excerpt":{"rendered":"<p>\u00ab&nbsp;Une amiti\u00e9 singuli\u00e8re&nbsp;\u00bb de Floc\u2019h et Rivi\u00e8re. En r\u00e9unissant en un seul volume les premi\u00e8res \u0153uvres de Floc\u2019h co-\u00e9crites avec&nbsp;[&hellip;]<\/p>\n","protected":false},"author":2,"featured_media":1313,"comment_status":"closed","ping_status":"closed","sticky":false,"template":"","format":"standard","meta":{"footnotes":""},"categories":[7],"tags":[],"class_list":["post-1312","post","type-post","status-publish","format-standard","has-post-thumbnail","hentry","category-bd","post-item clearfix"],"_links":{"self":[{"href":"https:\/\/edmondmorrel.be\/index.php?rest_route=\/wp\/v2\/posts\/1312","targetHints":{"allow":["GET"]}}],"collection":[{"href":"https:\/\/edmondmorrel.be\/index.php?rest_route=\/wp\/v2\/posts"}],"about":[{"href":"https:\/\/edmondmorrel.be\/index.php?rest_route=\/wp\/v2\/types\/post"}],"author":[{"embeddable":true,"href":"https:\/\/edmondmorrel.be\/index.php?rest_route=\/wp\/v2\/users\/2"}],"replies":[{"embeddable":true,"href":"https:\/\/edmondmorrel.be\/index.php?rest_route=%2Fwp%2Fv2%2Fcomments&post=1312"}],"version-history":[{"count":8,"href":"https:\/\/edmondmorrel.be\/index.php?rest_route=\/wp\/v2\/posts\/1312\/revisions"}],"predecessor-version":[{"id":1413,"href":"https:\/\/edmondmorrel.be\/index.php?rest_route=\/wp\/v2\/posts\/1312\/revisions\/1413"}],"wp:featuredmedia":[{"embeddable":true,"href":"https:\/\/edmondmorrel.be\/index.php?rest_route=\/wp\/v2\/media\/1313"}],"wp:attachment":[{"href":"https:\/\/edmondmorrel.be\/index.php?rest_route=%2Fwp%2Fv2%2Fmedia&parent=1312"}],"wp:term":[{"taxonomy":"category","embeddable":true,"href":"https:\/\/edmondmorrel.be\/index.php?rest_route=%2Fwp%2Fv2%2Fcategories&post=1312"},{"taxonomy":"post_tag","embeddable":true,"href":"https:\/\/edmondmorrel.be\/index.php?rest_route=%2Fwp%2Fv2%2Ftags&post=1312"}],"curies":[{"name":"wp","href":"https:\/\/api.w.org\/{rel}","templated":true}]}}