{"id":1032,"date":"2015-11-22T08:48:54","date_gmt":"2015-11-22T07:48:54","guid":{"rendered":"http:\/\/edmondmorrel.be\/?p=1032"},"modified":"2020-07-22T09:07:40","modified_gmt":"2020-07-22T07:07:40","slug":"le-prix-marcel-thiry-2015-est-attribue-a-limpossible-nudite-deric-piette","status":"publish","type":"post","link":"https:\/\/edmondmorrel.be\/?p=1032","title":{"rendered":"Le Prix Marcel Thiry 2015 est attribu\u00e9 \u00e0 \u00ab\u00a0L\u2019impossible nudit\u00e9 \u00a0\u00bb d\u2019Eric Piette"},"content":{"rendered":"\n<p><em>Le prestigieux Prix litt\u00e9raire Marcel Thiry a \u00e9t\u00e9 attribu\u00e9 \u00e0 Eric Piette que nous avions rencontr\u00e9 en mars \u00e0 propos de son recueil \u00ab\u00a0L\u2019impossible nudit\u00e9\u00a0\u00bb paru au&nbsp;<a href=\"http:\/\/espace-livres-creation.be\/editeur\/taillis-pre\/\" rel=\"noreferrer noopener\" target=\"_blank\">Taillis-Pr\u00e9<\/a>. Eric Piette avait d\u00e9j\u00e0 \u00e9t\u00e9 couronn\u00e9 du&nbsp;<a href=\"http:\/\/www.arllfb.be\/prixlitteraires\/prixhoussa\/2012.html\" rel=\"noreferrer noopener\" target=\"_blank\">Prix Nicole Houssa en 2012<\/a>&nbsp;pour un autre recueil \u00ab\u00a0Voz\u00a0\u00bb paru lui aussi au Taillis Pr\u00e9.<br>Fond\u00e9es en 1984 par&nbsp;<a href=\"http:\/\/www.arllfb.be\/composition\/membres\/namur.html\" rel=\"noreferrer noopener\" target=\"_blank\">le po\u00e8te Yves Namur<\/a>, les Editions Taillis-Pr\u00e9 s\u2019inscrivent sous l\u2019\u00e9gide de la belle phrase d\u2019Yves Bonnefoy&nbsp;:&nbsp;\u00ab&nbsp;La po\u00e9sie moderne est loin de ses demeures possibles\u00a0\u00bb.<\/em><\/p>\n\n\n\n<p>Il n\u2019est de po\u00e9sie que dans la fragilit\u00e9 semble nous pr\u00e9venir Eric Piette d\u00e8s le titre sous lequel il a choisi de nous emmener de Braine-Le-Comte \u00e0 Ostende, d\u2019une nuit suicidaire, martel\u00e9e par les trains de marchandises \u00e0 cet instant o\u00f9 le po\u00e8te \u00e9crit&nbsp;: \u00ab\u00a0j\u2019attends celle que j\u2019aime\u00a0\u00bb . Partout un m\u00e9lancolique envahissement s\u2019empare du po\u00e8te dont seule l\u2019\u00e9criture l\u2019\u00e9loigne. Les noms des lieux jalonnent le voyage int\u00e9rieur&nbsp;: Qu\u00e9bec (\u00ab\u00a0L\u2019espoir ne veut plus rien dire\u00a0\u00bb), Stragari (\u00ab\u00a0le coeur est fragile\u00a0\u00bb), Amsterdam (\u00ab\u00a0les larmes me viennent\u00a0\u00bb), Montr\u00e9al (\u00ab\u00a0dans ces rues un peu\/ hagard je marchais sous la pluie\u00a0\u00bb)&#8230; Les noms des po\u00e8tes aussi apparaissent \u00e7a et l\u00e0, comme autant de balises dans la nuit&nbsp;: Achille Chav\u00e9e, Jacques Izoard, Dantinne, Blaise Cendrars (\u00ab\u00a0\u00d4 Blaise, sommes-nous&nbsp;?\u00a0\u00bb), Maurice Blanchot, Apollinaire, Jean-Claude Pirotte, Kenneth White &#8230;<br>Mais \u00e0 chaque instant, l\u2019\u00e9criture survient qui arr\u00eate le d\u00e9sespoir en le disant. Et puis, au d\u00e9tour d\u2019un vers, se d\u00e9voile peut-\u00eatre l\u2019ambigu\u00eb identit\u00e9 de cette survie et de cette qu\u00eate&nbsp;: \u00ab\u00a0m\u00e8re \u00e0 jamais bless\u00e9e de se taire\/est-ce qu\u2019un soir je parlerai pour toi\/est-ce que je mettrai les mots sur la b\u00e9ance\/partag\u00e9e\/dans le noir o\u00f9 nous passons\/ tous\u00a0\u00bb . Survivre pour \u00e9crire&nbsp;? Ecrire pour franchir la nuit&nbsp;? Mais \u00ab\u00a0en aura-t-on un soir termin\u00e9\/ avec ce satan\u00e9 pass\u00e9 qui flotte\/comme un noy\u00e9 dans la Sambre\u00a0\u00bb Ici avons-nous raison de songer encore \u00e0 la m\u00e8re, celle du peintre Magritte dont le suicide n\u2019a cess\u00e9 de le d\u00e9visager&nbsp;?<br>Et puis, \u00ab\u00a0l\u2019impossible nudit\u00e9\u00a0\u00bb, est-elle cette voie inaccessible de la po\u00e9sie, cette voix sans issue qui conduirait le po\u00e8te \u00e0 renoncer \u00e0 l\u2019\u00e9criture&nbsp;? \u00ab\u00a0peut-\u00eatre devrais-je \u00e9crire en prose\/ou pas du tout&#8230;\u00a0\u00bb<br>Mais alors ce serait \u00ab\u00a0noircir sans m\u00e9taphore\u00a0\u00bb&#8230;<br>Le po\u00e8te survivrait-il \u00e0 cette absence&nbsp;? Comment parlera-t-il alors pour cette m\u00e8re \u00e9voqu\u00e9e plus haut&nbsp;? Et cette m\u00e8re n\u2019est-elle pas, pour nous lecteurs, m\u00e9taphore&nbsp;? M\u00e9taphore de la po\u00e9sie&#8230;<\/p>\n\n\n\n<p>Nous avons rencontr\u00e9 Eric Piette \u00e0 Bruxelles et lui avons demand\u00e9 de lire un po\u00e8me de \u00ab\u00a0L\u2019impossible nudit\u00e9\u00a0\u00bb ainsi qu\u2019un po\u00e8me in\u00e9dit, compos\u00e9 en hommage \u00e0&nbsp;<a href=\"http:\/\/fr.wikipedia.org\/wiki\/Jean-Luc_Wauthier\" rel=\"noreferrer noopener\" target=\"_blank\">Jean-Luc Wauthier<\/a>, d\u00e9c\u00e9d\u00e9 le 15 mars 2015.<\/p>\n\n\n\n<p><strong>Edmond Morrel<\/strong>\u00a0,\u00a0<strong>Bruxelles le 26 mars 2015 et Mons le 22 novembre 2015<\/strong><\/p>\n\n\n\n<figure class=\"wp-block-embed-spotify wp-block-embed is-type-rich is-provider-spotify wp-embed-aspect-21-9 wp-has-aspect-ratio\"><div class=\"wp-block-embed__wrapper\">\n<iframe loading=\"lazy\" width=\"100%\" height=\"232\" allowtransparency=\"true\" frameborder=\"0\" allow=\"encrypted-media\" title=\"Spotify Embed: Le Prix Marcel Thiry 2015 est attribu\u00e9 \u00e0 &quot;L\u2019impossible nudit\u00e9 &quot; d\u2019Eric Piette 1\/3\" src=\"https:\/\/open.spotify.com\/embed-podcast\/episode\/0Iz8oFBJzJwHS0Rrojtv3G\"><\/iframe>\n<\/div><figcaption>Eric Piette au micro d&rsquo;Edmon Morrel<\/figcaption><\/figure>\n\n\n\n<figure class=\"wp-block-embed-spotify wp-block-embed is-type-rich is-provider-spotify wp-embed-aspect-21-9 wp-has-aspect-ratio\"><div class=\"wp-block-embed__wrapper\">\n<iframe loading=\"lazy\" width=\"100%\" height=\"232\" allowtransparency=\"true\" frameborder=\"0\" allow=\"encrypted-media\" title=\"Spotify Embed: Le Prix Marcel Thiry 2015 est attribu\u00e9 \u00e0 &quot;L\u2019impossible nudit\u00e9 &quot; d\u2019Eric Piette 2\/3\" src=\"https:\/\/open.spotify.com\/embed-podcast\/episode\/7JqUzGa6i4zLhgxuCe0Ma2\"><\/iframe>\n<\/div><figcaption>Lecture par Eric Piette en hommage \u00e0 Jean-Luc Wauthier<\/figcaption><\/figure>\n\n\n\n<figure class=\"wp-block-embed-spotify wp-block-embed is-type-rich is-provider-spotify wp-embed-aspect-21-9 wp-has-aspect-ratio\"><div class=\"wp-block-embed__wrapper\">\n<iframe loading=\"lazy\" width=\"100%\" height=\"232\" allowtransparency=\"true\" frameborder=\"0\" allow=\"encrypted-media\" title=\"Spotify Embed: Le Prix Marcel Thiry 2015 est attribu\u00e9 \u00e0 &quot;L\u2019impossible nudit\u00e9 &quot; d\u2019Eric Piette 3\/3\" src=\"https:\/\/open.spotify.com\/embed-podcast\/episode\/7lK5CNeNNijy3herxE8hy7\"><\/iframe>\n<\/div><figcaption>Lecture par Eric Piette<\/figcaption><\/figure>\n\n\n\n<p><a href=\"http:\/\/espace-livres-creation.be\/editeur\/taillis-pre\/\" rel=\"noreferrer noopener\" target=\"_blank\">Pr\u00e9sentation de l\u2019\u00e9diteur \u00ab\u00a0Le Taillis Pr\u00e9\u00a0\u00bb<\/a><\/p>\n\n\n\n<p><em>\u00ab\u00a0Les \u00e9ditions du Taillis Pr\u00e9, fond\u00e9es en 1984 par le po\u00e8te Yves Namur, ont d\u2019embl\u00e9e affich\u00e9 une politique \u00e9ditoriale r\u00e9solument tourn\u00e9e vers les auteurs du monde entier. Ainsi peut-on trouver au catalogue des po\u00e8tes comme Roberto Juarroz, Antonio Ramos Rosa, Salah St\u00e9ti\u00e9, Isra\u00ebl Eliraz, Nuno Judice ou E. E. Cummings pour n\u2019en citer que quelques-uns. Une douzaine de titres paraissent ainsi chaque ann\u00e9e au rang desquels figurent \u00e9galement les meilleurs po\u00e8tes de Belgique&nbsp;: Gaspard Hons, Jacques Izoard, Fernand Verhesen, Michel Lambiotte, Andr\u00e9 Miguel, Eric Brogniet, Liliane Wouters, Philippe Jones, etc.<br>La collection \u00ab&nbsp;Ha&nbsp;\u00bb pr\u00e9sente quant \u00e0 elle un panorama des po\u00e8tes belges dont les \u0153uvres sont importantes mais peu connues voire introuvables. On y d\u00e9couvre ainsi les noms de Fran\u00e7oise Delcarte, Ernest Del\u00e8ve, Frans Moreau, Pierre Della Faille, Jean Dypr\u00e9au et Robert Guiette. Cette collection publie g\u00e9n\u00e9ralement l\u2019\u0153uvre compl\u00e8te du po\u00e8te dont il est question.<br>Le Taillis Pr\u00e9 entend donner voix aux mots du po\u00e8te Yves Bonnefoy&nbsp;: \u00ab&nbsp;La po\u00e9sie moderne est loin de ses demeures possibles.&nbsp;\u00bb C\u2019est l\u00e0 sa raison d\u2019\u00eatre.\u00a0\u00bb<\/em><\/p>\n","protected":false},"excerpt":{"rendered":"<p>Le prestigieux Prix litt\u00e9raire Marcel Thiry a \u00e9t\u00e9 attribu\u00e9 \u00e0 Eric Piette que nous avions rencontr\u00e9 en mars \u00e0 propos&nbsp;[&hellip;]<\/p>\n","protected":false},"author":2,"featured_media":1033,"comment_status":"closed","ping_status":"closed","sticky":false,"template":"","format":"standard","meta":{"footnotes":""},"categories":[3],"tags":[],"class_list":["post-1032","post","type-post","status-publish","format-standard","has-post-thumbnail","hentry","category-litterature-dici","post-item clearfix"],"_links":{"self":[{"href":"https:\/\/edmondmorrel.be\/index.php?rest_route=\/wp\/v2\/posts\/1032","targetHints":{"allow":["GET"]}}],"collection":[{"href":"https:\/\/edmondmorrel.be\/index.php?rest_route=\/wp\/v2\/posts"}],"about":[{"href":"https:\/\/edmondmorrel.be\/index.php?rest_route=\/wp\/v2\/types\/post"}],"author":[{"embeddable":true,"href":"https:\/\/edmondmorrel.be\/index.php?rest_route=\/wp\/v2\/users\/2"}],"replies":[{"embeddable":true,"href":"https:\/\/edmondmorrel.be\/index.php?rest_route=%2Fwp%2Fv2%2Fcomments&post=1032"}],"version-history":[{"count":1,"href":"https:\/\/edmondmorrel.be\/index.php?rest_route=\/wp\/v2\/posts\/1032\/revisions"}],"predecessor-version":[{"id":1034,"href":"https:\/\/edmondmorrel.be\/index.php?rest_route=\/wp\/v2\/posts\/1032\/revisions\/1034"}],"wp:featuredmedia":[{"embeddable":true,"href":"https:\/\/edmondmorrel.be\/index.php?rest_route=\/wp\/v2\/media\/1033"}],"wp:attachment":[{"href":"https:\/\/edmondmorrel.be\/index.php?rest_route=%2Fwp%2Fv2%2Fmedia&parent=1032"}],"wp:term":[{"taxonomy":"category","embeddable":true,"href":"https:\/\/edmondmorrel.be\/index.php?rest_route=%2Fwp%2Fv2%2Fcategories&post=1032"},{"taxonomy":"post_tag","embeddable":true,"href":"https:\/\/edmondmorrel.be\/index.php?rest_route=%2Fwp%2Fv2%2Ftags&post=1032"}],"curies":[{"name":"wp","href":"https:\/\/api.w.org\/{rel}","templated":true}]}}